{"id":470726,"date":"2017-03-27T12:13:39","date_gmt":"2017-03-27T18:13:39","guid":{"rendered":"https:\/\/www.futboltotal.com.mx\/?p=470726"},"modified":"2017-03-27T12:13:39","modified_gmt":"2017-03-27T18:13:39","slug":"polemico-gesto-james-colombia","status":"publish","type":"post","link":"http:\/\/desarrollo.grupomedios.com\/futbol\/futbol-internacional\/polemico-gesto-james-colombia\/2017\/03","title":{"rendered":"\u00a1Pol\u00e9mico gesto de James con Colombia!"},"content":{"rendered":"<p><strong>James Rodr\u00edguez<\/strong> est\u00e1 en el ojo del hurac\u00e1n en plena Fecha FIFA no solo por haber marcado el gol del triunfo ante Bolivia en el primero de dos duelos eliminatorios, sino tambi\u00e9n por haber tenido un pol\u00e9mico gesto durante la concentraci\u00f3n de la Selecci\u00f3n de Colombia.<\/p>\n<p>Fastidiado por el asedio de los medios que cubren al combinado nacional, el mediocampista les dedic\u00f3 una se\u00f1a obscena, seg\u00fan apunt\u00f3 Gabriel Meluk, columnista del peri\u00f3dico El Tiempo. James\u00a0no dud\u00f3 en asomarse por una de las ventanas del edificio donde est\u00e1 concentrada la selecci\u00f3n de cara al duelo ante Ecuador y elevarles el dedo medio de la mano derecha, mientras mostraba un gesto sereno.<\/p>\n<p style=\"text-align: center;\"><a href=\"https:\/\/www.futboltotal.com.mx\/2017\/03\/los-golazos-en-la-primera-mitad-la-fecha-fifa\/\"><span style=\"color: #3366ff;\">VER M\u00c1S: \u00a1Aut\u00e9nticos golazos en la Fecha FIFA!<\/span><\/a><\/p>\n<p style=\"text-align: center;\"><a href=\"https:\/\/www.futboltotal.com.mx\/wp-content\/uploads\/2017\/03\/James-Colombia.jpg\"><img decoding=\"async\" loading=\"lazy\" class=\"alignnone size-full wp-image-470733\" src=\"https:\/\/www.futboltotal.com.mx\/wp-content\/uploads\/2017\/03\/James-Colombia.jpg\" alt=\"\u00a1Pol\u00e9mico gesto de James con Colombia! 0\" srcset=\"http:\/\/desarrollo.grupomedios.com\/futbol\/wp-content\/uploads\/2017\/03\/James-Colombia.jpg 990w, http:\/\/desarrollo.grupomedios.com\/futbol\/wp-content\/uploads\/2017\/03\/James-Colombia-300x169.jpg 300w, http:\/\/desarrollo.grupomedios.com\/futbol\/wp-content\/uploads\/2017\/03\/James-Colombia-768x432.jpg 768w, http:\/\/desarrollo.grupomedios.com\/futbol\/wp-content\/uploads\/2017\/03\/James-Colombia-317x178.jpg 317w, http:\/\/desarrollo.grupomedios.com\/futbol\/wp-content\/uploads\/2017\/03\/James-Colombia-535x301.jpg 535w, http:\/\/desarrollo.grupomedios.com\/futbol\/wp-content\/uploads\/2017\/03\/James-Colombia-374x210.jpg 374w\" sizes=\"(max-width: 990px) 100vw, 990px\" \/><\/a><\/p>\n<p style=\"text-align: center;\">\n","protected":false},"excerpt":{"rendered":"<p>As\u00ed reaccion\u00f3 el mediocampista tras molestarse con la prensa cafetalera.<\/p>\n","protected":false},"author":20,"featured_media":470731,"comment_status":"closed","ping_status":"closed","sticky":false,"template":"","format":"standard","meta":[],"categories":[3839],"tags":[6005,6082],"_links":{"self":[{"href":"http:\/\/desarrollo.grupomedios.com\/futbol\/wp-json\/wp\/v2\/posts\/470726"}],"collection":[{"href":"http:\/\/desarrollo.grupomedios.com\/futbol\/wp-json\/wp\/v2\/posts"}],"about":[{"href":"http:\/\/desarrollo.grupomedios.com\/futbol\/wp-json\/wp\/v2\/types\/post"}],"author":[{"embeddable":true,"href":"http:\/\/desarrollo.grupomedios.com\/futbol\/wp-json\/wp\/v2\/users\/20"}],"replies":[{"embeddable":true,"href":"http:\/\/desarrollo.grupomedios.com\/futbol\/wp-json\/wp\/v2\/comments?post=470726"}],"version-history":[{"count":1,"href":"http:\/\/desarrollo.grupomedios.com\/futbol\/wp-json\/wp\/v2\/posts\/470726\/revisions"}],"predecessor-version":[{"id":470735,"href":"http:\/\/desarrollo.grupomedios.com\/futbol\/wp-json\/wp\/v2\/posts\/470726\/revisions\/470735"}],"wp:featuredmedia":[{"embeddable":true,"href":"http:\/\/desarrollo.grupomedios.com\/futbol\/wp-json\/wp\/v2\/media\/470731"}],"wp:attachment":[{"href":"http:\/\/desarrollo.grupomedios.com\/futbol\/wp-json\/wp\/v2\/media?parent=470726"}],"wp:term":[{"taxonomy":"category","embeddable":true,"href":"http:\/\/desarrollo.grupomedios.com\/futbol\/wp-json\/wp\/v2\/categories?post=470726"},{"taxonomy":"post_tag","embeddable":true,"href":"http:\/\/desarrollo.grupomedios.com\/futbol\/wp-json\/wp\/v2\/tags?post=470726"}],"curies":[{"name":"wp","href":"https:\/\/api.w.org\/{rel}","templated":true}]}}