{"id":470749,"date":"2017-03-27T13:50:47","date_gmt":"2017-03-27T19:50:47","guid":{"rendered":"https:\/\/www.futboltotal.com.mx\/?p=470749"},"modified":"2017-03-27T13:50:47","modified_gmt":"2017-03-27T19:50:47","slug":"muere-aficionado-tras-caer-la-parte-alta-estadio","status":"publish","type":"post","link":"http:\/\/desarrollo.grupomedios.com\/futbol\/videos\/muere-aficionado-tras-caer-la-parte-alta-estadio\/2017\/03","title":{"rendered":"Muere aficionado tras caer desde la parte m\u00e1s alta de un estadio"},"content":{"rendered":"<p>La primera visita de un aficionado a un estadio acab\u00f3 en tragedia. Y todo por intentar tener una vista espectacular del Cl\u00e1sico disputado este fin de semana entre el Corinthians y SaoPaulo, disputado en el estadio Morumb\u00ed.<\/p>\n<p>Bruno Pereira da Silva, de 23 a\u00f1os, sufri\u00f3 graves lesiones tras caerse desde una altura de 25 metros al tratar de saltar de una tribuna a otra para colocarse en la parte m\u00e1s alta del coloso y poder disfrutar del partido que estaba por comenzar.<\/p>\n<p>La ca\u00edda fue brutal, como si se hubiese desplomado desde un octavo piso. Aunque Da Silva sali\u00f3 con vida del coloso para ser trasladado a un hospital, no resisti\u00f3 ante la gravedad de las lesiones en la cabeza y muri\u00f3 en la ambulancia.<\/p>\n<p>Sus amigos declararon para la televisora local que iba hab\u00edan realizado un viaje especial para que Da Silva viviera su primer Cl\u00e1sico.<\/p>\n<p style=\"text-align: center;\"><a href=\"https:\/\/www.futboltotal.com.mx\/futbol-internacional\/\"><span style=\"color: #3366ff;\">VER M\u00c1S: Todas las noticias de futbol internacional\u00a0<\/span><\/a><\/p>\n<p><iframe loading=\"lazy\" src=\"https:\/\/www.youtube.com\/embed\/rSKUVT-Lpw8?feature=oembed\" frameborder=\"0\" allowfullscreen><\/iframe><\/p>\n","protected":false},"excerpt":{"rendered":"<p>Un seguir del Sao Paulo, de 23 a\u00f1os, perdi\u00f3 la vida en su primera visita al Estadio.<\/p>\n","protected":false},"author":20,"featured_media":470755,"comment_status":"closed","ping_status":"closed","sticky":false,"template":"","format":"standard","meta":[],"categories":[3839,4],"tags":[2093],"_links":{"self":[{"href":"http:\/\/desarrollo.grupomedios.com\/futbol\/wp-json\/wp\/v2\/posts\/470749"}],"collection":[{"href":"http:\/\/desarrollo.grupomedios.com\/futbol\/wp-json\/wp\/v2\/posts"}],"about":[{"href":"http:\/\/desarrollo.grupomedios.com\/futbol\/wp-json\/wp\/v2\/types\/post"}],"author":[{"embeddable":true,"href":"http:\/\/desarrollo.grupomedios.com\/futbol\/wp-json\/wp\/v2\/users\/20"}],"replies":[{"embeddable":true,"href":"http:\/\/desarrollo.grupomedios.com\/futbol\/wp-json\/wp\/v2\/comments?post=470749"}],"version-history":[{"count":1,"href":"http:\/\/desarrollo.grupomedios.com\/futbol\/wp-json\/wp\/v2\/posts\/470749\/revisions"}],"predecessor-version":[{"id":470758,"href":"http:\/\/desarrollo.grupomedios.com\/futbol\/wp-json\/wp\/v2\/posts\/470749\/revisions\/470758"}],"wp:featuredmedia":[{"embeddable":true,"href":"http:\/\/desarrollo.grupomedios.com\/futbol\/wp-json\/wp\/v2\/media\/470755"}],"wp:attachment":[{"href":"http:\/\/desarrollo.grupomedios.com\/futbol\/wp-json\/wp\/v2\/media?parent=470749"}],"wp:term":[{"taxonomy":"category","embeddable":true,"href":"http:\/\/desarrollo.grupomedios.com\/futbol\/wp-json\/wp\/v2\/categories?post=470749"},{"taxonomy":"post_tag","embeddable":true,"href":"http:\/\/desarrollo.grupomedios.com\/futbol\/wp-json\/wp\/v2\/tags?post=470749"}],"curies":[{"name":"wp","href":"https:\/\/api.w.org\/{rel}","templated":true}]}}