{"id":470754,"date":"2017-03-27T15:17:29","date_gmt":"2017-03-27T21:17:29","guid":{"rendered":"https:\/\/www.futboltotal.com.mx\/?p=470754"},"modified":"2017-03-27T15:17:29","modified_gmt":"2017-03-27T21:17:29","slug":"ronaldo-ronaldinho-confesaron-daba-las-mejores-fiestas","status":"publish","type":"post","link":"http:\/\/desarrollo.grupomedios.com\/futbol\/futbol-internacional\/ronaldo-ronaldinho-confesaron-daba-las-mejores-fiestas\/2017\/03","title":{"rendered":"Ronaldo y Ronaldinho confesaron qui\u00e9n daba las mejores fiestas"},"content":{"rendered":"<p>Los astros brasile\u00f1os <strong>Ronaldo<\/strong> y<strong> Ronaldinho<\/strong>, quienes por muchos a\u00f1os conformaron el ataque de la selecci\u00f3n <em>Canarinha<\/em>, se atrevieron a hacer algunas revelaciones durante una curiosa y pol\u00e9mica entrevista en la que ambos deb\u00edan responder qui\u00e9n hab\u00eda sido mejor en cada rubro en el que los cuestionaban.<\/p>\n<p>Entre las preguntas que les hicieron, adem\u00e1s de qui\u00e9n hab\u00eda hecho el gol m\u00e1s bonito o qui\u00e9n pesaba m\u00e1s en la <em>Verdeamarelha<\/em>, cuestionaron a las figuras qui\u00e9n era mejor al momento de dar fiestas.<\/p>\n<p style=\"text-align: center;\"><a href=\"https:\/\/www.futboltotal.com.mx\/2017\/03\/anuncian-los-horarios-la-jornada-10-la-liga-mx\/\">VER M\u00c1S: Anuncian los horarios para la jornada 10 de la Liga MX<\/a><\/p>\n<p><em>Dinho<\/em><strong>\u00a0<\/strong>no dud\u00f3 un solo instante en responder, aunque el <em>Fen\u00f3meno<\/em>\u00a0s\u00ed lo tuvo que pensar bastante para finalmente dar su veredicto. No te pierdas este gracioso y picante video.<\/p>\n<p><iframe loading=\"lazy\" src=\"https:\/\/www.youtube.com\/embed\/K3oixmZuWig\" frameborder=\"0\" allowfullscreen=\"allowfullscreen\"><\/iframe><\/p>\n","protected":false},"excerpt":{"rendered":"<p>Ronaldo y Ronaldinho se atrevieron a hacer algunas revelaciones durante una pol\u00e9mica entrevista.<\/p>\n","protected":false},"author":20,"featured_media":470759,"comment_status":"closed","ping_status":"closed","sticky":false,"template":"","format":"standard","meta":[],"categories":[5419,3839],"tags":[6009,8305,2138,5997,1504],"_links":{"self":[{"href":"http:\/\/desarrollo.grupomedios.com\/futbol\/wp-json\/wp\/v2\/posts\/470754"}],"collection":[{"href":"http:\/\/desarrollo.grupomedios.com\/futbol\/wp-json\/wp\/v2\/posts"}],"about":[{"href":"http:\/\/desarrollo.grupomedios.com\/futbol\/wp-json\/wp\/v2\/types\/post"}],"author":[{"embeddable":true,"href":"http:\/\/desarrollo.grupomedios.com\/futbol\/wp-json\/wp\/v2\/users\/20"}],"replies":[{"embeddable":true,"href":"http:\/\/desarrollo.grupomedios.com\/futbol\/wp-json\/wp\/v2\/comments?post=470754"}],"version-history":[{"count":1,"href":"http:\/\/desarrollo.grupomedios.com\/futbol\/wp-json\/wp\/v2\/posts\/470754\/revisions"}],"predecessor-version":[{"id":470767,"href":"http:\/\/desarrollo.grupomedios.com\/futbol\/wp-json\/wp\/v2\/posts\/470754\/revisions\/470767"}],"wp:featuredmedia":[{"embeddable":true,"href":"http:\/\/desarrollo.grupomedios.com\/futbol\/wp-json\/wp\/v2\/media\/470759"}],"wp:attachment":[{"href":"http:\/\/desarrollo.grupomedios.com\/futbol\/wp-json\/wp\/v2\/media?parent=470754"}],"wp:term":[{"taxonomy":"category","embeddable":true,"href":"http:\/\/desarrollo.grupomedios.com\/futbol\/wp-json\/wp\/v2\/categories?post=470754"},{"taxonomy":"post_tag","embeddable":true,"href":"http:\/\/desarrollo.grupomedios.com\/futbol\/wp-json\/wp\/v2\/tags?post=470754"}],"curies":[{"name":"wp","href":"https:\/\/api.w.org\/{rel}","templated":true}]}}