{"id":470760,"date":"2017-03-27T14:46:29","date_gmt":"2017-03-27T20:46:29","guid":{"rendered":"https:\/\/www.futboltotal.com.mx\/?p=470760"},"modified":"2017-03-27T14:46:29","modified_gmt":"2017-03-27T20:46:29","slug":"aficionados-america-morelia-se-enfrentan-en-una-rina","status":"publish","type":"post","link":"http:\/\/desarrollo.grupomedios.com\/futbol\/futbol-mexicano\/aficionados-america-morelia-se-enfrentan-en-una-rina\/2017\/03","title":{"rendered":"Aficionados de Am\u00e9rica y Morelia se enfrentan en una ri\u00f1a"},"content":{"rendered":"<p>La violencia en el futbol sigue expandi\u00e9ndose y en esta ocasi\u00f3n lleg\u00f3 a San Jos\u00e9, en donde\u00a0<strong>Am\u00e9rica y Morelia<\/strong> jugar\u00edan un partido amistoso para no perder ritmo en la Fecha FIFA. El encuentro dio de que hablar gracias a la buena acci\u00f3n de <strong>Luis Gabriel Rey<\/strong> al decirle al \u00e1rbitro del encuentro que un penal que hab\u00eda se\u00f1alado en contra de las <em>\u00c1guilas<\/em> no era; sin embargo, el Fair Play solo apareci\u00f3 dentro del terreno de juego.<\/p>\n<p>De acuerdo a informaci\u00f3n de medios locales, las aficiones de ambos equipos se involucraron en una batalla con piedras y botellas minutos antes de que iniciara el juego. Afortunadamente la polic\u00eda del condado actu\u00f3 de forma r\u00e1pida al llegar pronto al lugar de los hechos.<\/p>\n<p>Se reporta que si hubo algunos detenidos, aunque no se sabe cu\u00e1ntos. Adem\u00e1s vecinos de la zona denunciaron a trav\u00e9s de redes sociales lo sucedido en el estadio de la MLS.<\/p>\n<p><iframe loading=\"lazy\" src=\"http:\/\/up.anv.bz\/latest\/anvload.html?key=eyJtIjoiTElOIiwidiI6IjEyOTEyMTUiLCJhbnZhY2siOiJhbnZhdG9fbWNwX2xpbl93ZWJfcHJvZF80YzM2ZmJmZDRkOGQ4ZWNhZTY0ODg2NTZlMjFhYzZkMWFjOTcyNzQ5IiwicGx1Z2lucyI6eyJkZnAiOnsiY2xpZW50U2lkZSI6eyJhZFRhZ1VybCI6Imh0dHA6Ly9wdWJhZHMuZy5kb3VibGVjbGljay5uZXQvZ2FtcGFkL2Fkcz9zej0xeDEwMDAmaXU9LzU2NzgvbWcuS1JPTi9uZXdzL2JheS1hcmVhL3Zpb2xlbmNlLWVydXB0cy1hbW9uZy1mYW5zLWF0LXNhbi1qb3NlLXNvY2Nlci1nYW1lL2RldGFpbCZjaXVfc3pzPTMwMHgyNTAmZ2RmcF9yZXE9MSZlbnY9dnAmb3V0cHV0PXhtbF92YXN0MiZhZF9ydWxlPTEifX0sImFuYWx5dGljcyI6eyJwZGIiOiI5OTkyNDAzMCIsInNlcnZlclVSTCI6Imh0dHA6Ly9hbmFseXRpY3MtdjIuYW52YXRvLmNvbS9WaWRlb0FuYWx5dGljcy9zcmMvdmlkZW9fbG9nLnBocCJ9LCJvbW5pdHVyZSI6eyJwcm9maWxlIjoibGluIiwiYWNjb3VudCI6ImxpbnR2a3JvbixkcHNnbG9iYWwiLCJ0cmFja2luZ1NlcnZlciI6ImxpbnR2LjEyMi4ybzcubmV0IiwicGxheWVyTmFtZSI6IkFudmF0b1VuaXZlcnNhbFBsYXllciJ9LCJnb29nbGVBbmFseXRpY3MiOnsidHJhY2tpbmdJZCI6IlVBLTQ4MjE3MTUtMSIsImNhdGVnb3J5IjoiQW52YXRvIFdlYiBQbGF5ZXIiLCJldmVudHMiOnsiVklERU9fU1RBUlRFRCI6IlNUQVJUIiwiVklERU9fQ09NUExFVEVEIjoiU1RPUCJ9fSwicmVhbFRpbWVBbmFseXRpY3MiOnRydWV9LCJodG1sNSI6dHJ1ZX0=\" frameborder=\"0\" scrolling=\"no\" allowfullscreen=\"allowfullscreen\"><\/iframe><\/p>\n<p>S\u00edguenos en Twitter: <a href=\"https:\/\/twitter.com\/MXFutbolTotal\" target=\"_blank\">@MXFutbolTotal<\/a><\/p>\n","protected":false},"excerpt":{"rendered":"<p>Una vez m\u00e1s la violencia apareci\u00f3 en los estadios. <\/p>\n","protected":false},"author":20,"featured_media":470761,"comment_status":"closed","ping_status":"closed","sticky":false,"template":"","format":"standard","meta":[],"categories":[2198,3845],"tags":[5959,5967],"_links":{"self":[{"href":"http:\/\/desarrollo.grupomedios.com\/futbol\/wp-json\/wp\/v2\/posts\/470760"}],"collection":[{"href":"http:\/\/desarrollo.grupomedios.com\/futbol\/wp-json\/wp\/v2\/posts"}],"about":[{"href":"http:\/\/desarrollo.grupomedios.com\/futbol\/wp-json\/wp\/v2\/types\/post"}],"author":[{"embeddable":true,"href":"http:\/\/desarrollo.grupomedios.com\/futbol\/wp-json\/wp\/v2\/users\/20"}],"replies":[{"embeddable":true,"href":"http:\/\/desarrollo.grupomedios.com\/futbol\/wp-json\/wp\/v2\/comments?post=470760"}],"version-history":[{"count":1,"href":"http:\/\/desarrollo.grupomedios.com\/futbol\/wp-json\/wp\/v2\/posts\/470760\/revisions"}],"predecessor-version":[{"id":470762,"href":"http:\/\/desarrollo.grupomedios.com\/futbol\/wp-json\/wp\/v2\/posts\/470760\/revisions\/470762"}],"wp:featuredmedia":[{"embeddable":true,"href":"http:\/\/desarrollo.grupomedios.com\/futbol\/wp-json\/wp\/v2\/media\/470761"}],"wp:attachment":[{"href":"http:\/\/desarrollo.grupomedios.com\/futbol\/wp-json\/wp\/v2\/media?parent=470760"}],"wp:term":[{"taxonomy":"category","embeddable":true,"href":"http:\/\/desarrollo.grupomedios.com\/futbol\/wp-json\/wp\/v2\/categories?post=470760"},{"taxonomy":"post_tag","embeddable":true,"href":"http:\/\/desarrollo.grupomedios.com\/futbol\/wp-json\/wp\/v2\/tags?post=470760"}],"curies":[{"name":"wp","href":"https:\/\/api.w.org\/{rel}","templated":true}]}}