{"id":470763,"date":"2017-03-27T15:14:19","date_gmt":"2017-03-27T21:14:19","guid":{"rendered":"https:\/\/www.futboltotal.com.mx\/?p=470763"},"modified":"2017-03-27T15:22:09","modified_gmt":"2017-03-27T21:22:09","slug":"anulan-gol-zacatepec-tras-recibir-mensaje-celular","status":"publish","type":"post","link":"http:\/\/desarrollo.grupomedios.com\/futbol\/futbol-mexicano\/anulan-gol-zacatepec-tras-recibir-mensaje-celular\/2017\/03","title":{"rendered":"Anulan gol de Zacatepec tras recibir mensaje por celular"},"content":{"rendered":"<p>En la<strong> Liga de Ascenso<\/strong> el arbitraje dio de que hablar, luego de que en el juego entre<strong> Zacatepec y FC Ju\u00e1rez<\/strong> el central del partido Mario Humberto Vargas, anulara un gol legitimo para los Ca\u00f1eros en el duelo que termin\u00f3 empatado a cero goles.<\/p>\n<p>Rodrigo Prieto marc\u00f3 el gol al minuto 58&#8242;, pero hasta un minuto despu\u00e9s fue cuando la anotaci\u00f3n no se dio por buena. El presidente del<strong> Zacatepec, Gerardo Verduzco<\/strong>, expres\u00f3 la molestia que le caus\u00f3 la situaci\u00f3n, y declar\u00f3 que se va a reunir con las autoridades del Ascenso.<\/p>\n<p style=\"text-align: center;\"><span style=\"color: #3366ff;\"><a style=\"color: #3366ff;\" href=\"https:\/\/www.futboltotal.com.mx\/2017\/03\/anuncian-los-horarios-la-jornada-10-la-liga-mx\/\" target=\"_blank\">LEER M\u00c1S: Anuncian los horarios para la jornada 10 de la Liga MX<\/a><\/span><\/p>\n<blockquote><p>\u201cEst\u00e1 en videos. Marcamos un gol, el central corre y lo pita como v\u00e1lido, la abanderada (Enedilla Caudillo) se va hacia el centro del campo, y despu\u00e9s de 50 segundos reciben la indicaci\u00f3n de que el gol se tiene que anular, y eso pas\u00f3\u201d, expres\u00f3 el presidente de <strong>Zacatepec.\u00a0<\/strong><\/p><\/blockquote>\n<p>De acuerdo a al directivo de los <em>Ca\u00f1eros,<\/em> coment\u00f3 que los \u00e1rbitros le dijeron que hab\u00eda sido una orden externa la que les avis\u00f3 que no era gol.<\/p>\n<blockquote><p>&#8220;Habl\u00e9 ya y me confirmaron que les hab\u00edan dado la indicaci\u00f3n desde el centro de operaciones (de los \u00e1rbitros) o no s\u00e9 c\u00f3mo le llaman, les dijeron que hab\u00eda sido fuera de lugar; s\u00e9 que checan las jugadas, las van viendo al instante, pero no sab\u00eda que tuvieran comunicaci\u00f3n directa.\u00a0Eso, en teor\u00eda, est\u00e1 prohibido (que haya comunicaci\u00f3n con la gente de afuera del juego) y no ten\u00eda conocimiento de que ya somos como la NFL, que puedes revisar las jugadas\u201d, declar\u00f3 <strong>Verduzco.\u00a0<\/strong><\/p><\/blockquote>\n<p><iframe loading=\"lazy\" src=\"https:\/\/www.youtube.com\/embed\/-QW2YZG7auA\" frameborder=\"0\" allowfullscreen=\"allowfullscreen\"><\/iframe><\/p>\n<p>Para finalizar dijo que va a exponer sus quejas ante las autoridades correspondientes, pues no le parece la forma en la que se manejaron las cosas dentro y fuera del campo.<\/p>\n<blockquote>\n<div class=\"field field-name-body field-type-text-with-summary field-label-hidden txt_nota\">\n<div class=\"field-items\">\n<div class=\"field-item even\">\n<p>\u201cExpondr\u00e9 la molestia que tenemos, es lo \u00fanico que diremos, la molestia e indignaci\u00f3n. Sabemos que los \u00e1rbitros tienen errores, pero esto va m\u00e1s all\u00e1 de un error y esa es la cuesti\u00f3n\u201d, finaliz\u00f3.<\/p>\n<\/div>\n<\/div>\n<\/div>\n<\/blockquote>\n<div class=\"field field-name-body field-type-text-with-summary field-label-hidden txt_nota\">\n<div class=\"field-items\">\n<div class=\"field-item even\">\n<p>S\u00edguenos en Twitter: <a href=\"https:\/\/twitter.com\/MXFutbolTotal\" target=\"_blank\">@MXFutbolTotal<\/a><\/p>\n<\/div>\n<\/div>\n<\/div>\n","protected":false},"excerpt":{"rendered":"<p>El presidente de los Ca\u00f1eros expondr\u00e1 su queja. <\/p>\n","protected":false},"author":20,"featured_media":470765,"comment_status":"closed","ping_status":"closed","sticky":false,"template":"","format":"standard","meta":[],"categories":[3843,2198],"tags":[6558,1588],"_links":{"self":[{"href":"http:\/\/desarrollo.grupomedios.com\/futbol\/wp-json\/wp\/v2\/posts\/470763"}],"collection":[{"href":"http:\/\/desarrollo.grupomedios.com\/futbol\/wp-json\/wp\/v2\/posts"}],"about":[{"href":"http:\/\/desarrollo.grupomedios.com\/futbol\/wp-json\/wp\/v2\/types\/post"}],"author":[{"embeddable":true,"href":"http:\/\/desarrollo.grupomedios.com\/futbol\/wp-json\/wp\/v2\/users\/20"}],"replies":[{"embeddable":true,"href":"http:\/\/desarrollo.grupomedios.com\/futbol\/wp-json\/wp\/v2\/comments?post=470763"}],"version-history":[{"count":2,"href":"http:\/\/desarrollo.grupomedios.com\/futbol\/wp-json\/wp\/v2\/posts\/470763\/revisions"}],"predecessor-version":[{"id":470768,"href":"http:\/\/desarrollo.grupomedios.com\/futbol\/wp-json\/wp\/v2\/posts\/470763\/revisions\/470768"}],"wp:featuredmedia":[{"embeddable":true,"href":"http:\/\/desarrollo.grupomedios.com\/futbol\/wp-json\/wp\/v2\/media\/470765"}],"wp:attachment":[{"href":"http:\/\/desarrollo.grupomedios.com\/futbol\/wp-json\/wp\/v2\/media?parent=470763"}],"wp:term":[{"taxonomy":"category","embeddable":true,"href":"http:\/\/desarrollo.grupomedios.com\/futbol\/wp-json\/wp\/v2\/categories?post=470763"},{"taxonomy":"post_tag","embeddable":true,"href":"http:\/\/desarrollo.grupomedios.com\/futbol\/wp-json\/wp\/v2\/tags?post=470763"}],"curies":[{"name":"wp","href":"https:\/\/api.w.org\/{rel}","templated":true}]}}