{"id":470770,"date":"2017-03-27T15:45:25","date_gmt":"2017-03-27T21:45:25","guid":{"rendered":"https:\/\/www.futboltotal.com.mx\/?p=470770"},"modified":"2017-03-27T15:45:25","modified_gmt":"2017-03-27T21:45:25","slug":"ya-fechas-la-recopa-chapecoense-atletico-nacional","status":"publish","type":"post","link":"http:\/\/desarrollo.grupomedios.com\/futbol\/futbol-internacional\/ya-fechas-la-recopa-chapecoense-atletico-nacional\/2017\/03","title":{"rendered":"Ya hay fechas de la Recopa entre Chapecoense y Atl\u00e9tico Nacional"},"content":{"rendered":"<p><strong>Chapecoense y Atl\u00e9tico Nacional<\/strong> se ver\u00e1n las caras el 4 de abril en un emotivo encuentro en el estadio Arena Cond\u00e1, de Chapec\u00f3, por la ida de la final de la Recopa Sudamericana, en el que los colombianos ser\u00e1n homenajeados por su apoyo a los brasile\u00f1os tras el accidente a\u00e9reo en el que murieron 71 personas, inform\u00f3 hoy la Conmebol.<\/p>\n<p>La vuelta entre <strong>Chapecoense,<\/strong> ganador de la pasada Sudamericana, y <strong>Atl\u00e9tico Nacional,<\/strong> vencedor de la Libertadores 2016, ser\u00e1 el 10 de mayo en el estadio Atanasio Girardot de Medell\u00edn.<\/p>\n<p style=\"text-align: center;\"><span style=\"color: #3366ff;\"><a style=\"color: #3366ff;\" href=\"https:\/\/www.futboltotal.com.mx\/2017\/03\/11-infame-la-primera-jornada-la-fecha-fifa\/\" target=\"_blank\">LEER M\u00c1S: El 11 infame de la primera jornada de la fecha FIFA<\/a><\/span><\/p>\n<p>La Conmebol explic\u00f3 que <strong>Chapecoense<\/strong> solicit\u00f3 autorizaci\u00f3n para realizar el partido de ida en su estadio para homenajear a <strong>Atl\u00e9tico Nacional<\/strong> &#8220;por las acciones de solidaridad y respaldo ofrecidas en ocasi\u00f3n del accidente a\u00e9reo que sufri\u00f3 la delegaci\u00f3n deportiva del equipo brasile\u00f1o cuando viajaba a Medell\u00edn&#8221;.<\/p>\n<p>Atl\u00e9tico Nacional esperaba en su cancha a finales de noviembre a <strong>Chapecoense<\/strong> para disputar la ida de la Copa Sudamericana cuando se produjo el accidente a\u00e9reo en el que fallecieron 71 personas, entre ellos 19 jugadores de la plantilla brasile\u00f1a.<\/p>\n<p>En diciembre la Conmebol declar\u00f3 a <strong>Chapecoense<\/strong> campe\u00f3n de la Copa Sudamericana 2016, d\u00edas despu\u00e9s de que los colombianos propusieran al organismo conceder ese t\u00edtulo a los brasile\u00f1os.<\/p>\n<p>La Recopa Sudamericana se disputa anualmente entre el ganador de la Libertadores y el vencedor de la Sudamericana.<\/p>\n","protected":false},"excerpt":{"rendered":"<p>El equipo brasile\u00f1o har\u00e1 homenaje al Atl\u00e9tico Nacional<\/p>\n","protected":false},"author":20,"featured_media":470772,"comment_status":"closed","ping_status":"closed","sticky":false,"template":"","format":"standard","meta":[],"categories":[3839],"tags":[2075,7668],"_links":{"self":[{"href":"http:\/\/desarrollo.grupomedios.com\/futbol\/wp-json\/wp\/v2\/posts\/470770"}],"collection":[{"href":"http:\/\/desarrollo.grupomedios.com\/futbol\/wp-json\/wp\/v2\/posts"}],"about":[{"href":"http:\/\/desarrollo.grupomedios.com\/futbol\/wp-json\/wp\/v2\/types\/post"}],"author":[{"embeddable":true,"href":"http:\/\/desarrollo.grupomedios.com\/futbol\/wp-json\/wp\/v2\/users\/20"}],"replies":[{"embeddable":true,"href":"http:\/\/desarrollo.grupomedios.com\/futbol\/wp-json\/wp\/v2\/comments?post=470770"}],"version-history":[{"count":1,"href":"http:\/\/desarrollo.grupomedios.com\/futbol\/wp-json\/wp\/v2\/posts\/470770\/revisions"}],"predecessor-version":[{"id":470773,"href":"http:\/\/desarrollo.grupomedios.com\/futbol\/wp-json\/wp\/v2\/posts\/470770\/revisions\/470773"}],"wp:featuredmedia":[{"embeddable":true,"href":"http:\/\/desarrollo.grupomedios.com\/futbol\/wp-json\/wp\/v2\/media\/470772"}],"wp:attachment":[{"href":"http:\/\/desarrollo.grupomedios.com\/futbol\/wp-json\/wp\/v2\/media?parent=470770"}],"wp:term":[{"taxonomy":"category","embeddable":true,"href":"http:\/\/desarrollo.grupomedios.com\/futbol\/wp-json\/wp\/v2\/categories?post=470770"},{"taxonomy":"post_tag","embeddable":true,"href":"http:\/\/desarrollo.grupomedios.com\/futbol\/wp-json\/wp\/v2\/tags?post=470770"}],"curies":[{"name":"wp","href":"https:\/\/api.w.org\/{rel}","templated":true}]}}