{"id":470812,"date":"2017-03-28T13:04:14","date_gmt":"2017-03-28T19:04:14","guid":{"rendered":"https:\/\/www.futboltotal.com.mx\/?p=470812"},"modified":"2017-03-28T13:04:14","modified_gmt":"2017-03-28T19:04:14","slug":"elige-a-tus-favoritos-iniciar-mexico-ante-trinidad-tobago","status":"publish","type":"post","link":"http:\/\/desarrollo.grupomedios.com\/futbol\/futbol-mexicano\/elige-a-tus-favoritos-iniciar-mexico-ante-trinidad-tobago\/2017\/03","title":{"rendered":"Elige a tus favoritos para iniciar con M\u00e9xico ante Trinidad y Tobago"},"content":{"rendered":"<p>La Selecci\u00f3n Mexicana enfrentar\u00e1 este martes a Trinidad y Tobago\u00a0en territorio trinitario\u00a0en busca de tres puntos m\u00e1s que acerquen al Tricolor a la Copa del Mundo de Rusia 2018.<\/p>\n<p>Pero para este encuentro, Juan Carlos Osorio no contar\u00e1 con dos jugadores que salieron lesionados ante Costa Rica: Rafael M\u00e1rquez y J\u00fcrgen Damm.\u00a0Sin embargo el estratega confirm\u00f3 que Javier Hern\u00e1ndez est\u00e1 al 100% para encarar este duelo.<\/p>\n<p>Es por ello que en Futbol Total queremos que nos ayudes y elijas\u00a0a los<strong>\u00a011 jugadores posibles para arrancar el duelo Tri contra Trinidad y Tobago<\/strong>. \u00a1Elige a tus favoritos!<\/p>\n<p><script type=\"text\/javascript\" src=\"\/\/cdn.playbuzz.com\/widget\/feed.js\"><\/script><\/p>\n<div class=\"pb_feed\" data-embed-by=\"d43f3879-83ed-40bc-99d7-fde80605466f\" data-item=\"7b52bb28-9a9e-46b0-8f46-80ca946a17ff\" data-recommend=\"false\" data-game-info=\"false\"><\/div>\n","protected":false},"excerpt":{"rendered":"<p>El conjunto de Juan Carlos Osorio se medir\u00e1 ante los caribe\u00f1os. <\/p>\n","protected":false},"author":20,"featured_media":470813,"comment_status":"closed","ping_status":"closed","sticky":false,"template":"","format":"standard","meta":[],"categories":[7570,3839,2198,3847],"tags":[65,1084],"_links":{"self":[{"href":"http:\/\/desarrollo.grupomedios.com\/futbol\/wp-json\/wp\/v2\/posts\/470812"}],"collection":[{"href":"http:\/\/desarrollo.grupomedios.com\/futbol\/wp-json\/wp\/v2\/posts"}],"about":[{"href":"http:\/\/desarrollo.grupomedios.com\/futbol\/wp-json\/wp\/v2\/types\/post"}],"author":[{"embeddable":true,"href":"http:\/\/desarrollo.grupomedios.com\/futbol\/wp-json\/wp\/v2\/users\/20"}],"replies":[{"embeddable":true,"href":"http:\/\/desarrollo.grupomedios.com\/futbol\/wp-json\/wp\/v2\/comments?post=470812"}],"version-history":[{"count":1,"href":"http:\/\/desarrollo.grupomedios.com\/futbol\/wp-json\/wp\/v2\/posts\/470812\/revisions"}],"predecessor-version":[{"id":470814,"href":"http:\/\/desarrollo.grupomedios.com\/futbol\/wp-json\/wp\/v2\/posts\/470812\/revisions\/470814"}],"wp:featuredmedia":[{"embeddable":true,"href":"http:\/\/desarrollo.grupomedios.com\/futbol\/wp-json\/wp\/v2\/media\/470813"}],"wp:attachment":[{"href":"http:\/\/desarrollo.grupomedios.com\/futbol\/wp-json\/wp\/v2\/media?parent=470812"}],"wp:term":[{"taxonomy":"category","embeddable":true,"href":"http:\/\/desarrollo.grupomedios.com\/futbol\/wp-json\/wp\/v2\/categories?post=470812"},{"taxonomy":"post_tag","embeddable":true,"href":"http:\/\/desarrollo.grupomedios.com\/futbol\/wp-json\/wp\/v2\/tags?post=470812"}],"curies":[{"name":"wp","href":"https:\/\/api.w.org\/{rel}","templated":true}]}}