{"id":470839,"date":"2017-03-28T10:20:01","date_gmt":"2017-03-28T16:20:01","guid":{"rendered":"https:\/\/www.futboltotal.com.mx\/?p=470839"},"modified":"2017-03-28T10:20:58","modified_gmt":"2017-03-28T16:20:58","slug":"rafa-marquez-ya-me-hubiera-retirado-matador-hernandez","status":"publish","type":"post","link":"http:\/\/desarrollo.grupomedios.com\/futbol\/futbol-mexicano\/rafa-marquez-ya-me-hubiera-retirado-matador-hernandez\/2017\/03","title":{"rendered":"Si fuera Rafa ya me hubiera retirado: Matador Hern\u00e1ndez"},"content":{"rendered":"<p>El ex delantero de la Selecci\u00f3n Mexicana, Luis Hern\u00e1ndez, reconoci\u00f3 la trayectoria de Rafael M\u00e1rquez con el Tri y destac\u00f3 todas las cosas que ha hecho por M\u00e9xico, aunque asegur\u00f3 que \u00e9l ya se hubiera retirado a la edad que juega el defensa central.<\/p>\n<p>A pesar de que sabe que el Capit\u00e1n del Tricolor se ha ganado su lugar en Rusia 2018, el Matador afirm\u00f3 que el Kaiser debe ser honesto con Juan Carlos Osorio y explicarle la cantidad de minutos que todav\u00eda puede estar en el campo, ya sea como titular o suplente.<\/p>\n<p>&#8220;Rafa ya hizo su historia, Rafa es un jugador que ha puesto en alto el nombre de M\u00e9xico, pero tambi\u00e9n siento que \u00e9l debe ser honesto y en alg\u00fan momento debe decidir si puede jugar s\u00f3lo 45 minutos o 90 a un buen nivel, siento que a Rafa ya no le est\u00e1 dando bien eso que ten\u00eda antes. Si lo llevan bien merecido, pero yo en su lugar ya me hubiera retirado de la selecci\u00f3n&#8221;, coment\u00f3 en entrevista con <em>TDN<\/em>.<\/p>\n<p style=\"text-align: center;\"><span style=\"color: #3366ff;\"><a style=\"color: #3366ff;\" href=\"https:\/\/www.futboltotal.com.mx\/2017\/03\/asi-alinearia-tri-duelo-ante-trinidad-tobago\/\">LEER M\u00c1S: As\u00ed alinear\u00eda el Tri para el duelo ante Trinidad y Tobago<\/a><\/span><\/p>\n<p><iframe loading=\"lazy\" src=\"https:\/\/www.youtube.com\/embed\/WfUZrXUE2-U?feature=oembed\" frameborder=\"0\" allowfullscreen><\/iframe><\/p>\n<p>El goleador en el Mundial de Francia 98 coment\u00f3 que al pr\u00f3ximo Mundial se deben llevar jugadores que aporten tanto dentro como fuera de la cancha y confes\u00f3 que M\u00e1rquez es uno de ellos, por lo que debe de estar en el pr\u00f3ximo certamen.<\/p>\n<p>&#8220;Hay que llevar a jugadores de gran calidad que te aporten algo a la selecci\u00f3n, en definitivas Rafa puede ir y puede aportar eso, pero simplemente el f\u00edsico creo que no le va a dar, en los \u00faltimos minutos, cuando nos enfrentemos a grandes selecciones&#8221;, finaliz\u00f3.<\/p>\n<p><iframe loading=\"lazy\" src=\"https:\/\/www.youtube.com\/embed\/3AmWy39C9DY?feature=oembed\" frameborder=\"0\" allowfullscreen><\/iframe><\/p>\n","protected":false},"excerpt":{"rendered":"<p>El ex goleador resalt\u00f3 la importancia que ha tenido M\u00e1rquez en M\u00e9xico.<\/p>\n","protected":false},"author":20,"featured_media":455015,"comment_status":"closed","ping_status":"closed","sticky":false,"template":"","format":"standard","meta":[],"categories":[2198],"tags":[2113,6033],"_links":{"self":[{"href":"http:\/\/desarrollo.grupomedios.com\/futbol\/wp-json\/wp\/v2\/posts\/470839"}],"collection":[{"href":"http:\/\/desarrollo.grupomedios.com\/futbol\/wp-json\/wp\/v2\/posts"}],"about":[{"href":"http:\/\/desarrollo.grupomedios.com\/futbol\/wp-json\/wp\/v2\/types\/post"}],"author":[{"embeddable":true,"href":"http:\/\/desarrollo.grupomedios.com\/futbol\/wp-json\/wp\/v2\/users\/20"}],"replies":[{"embeddable":true,"href":"http:\/\/desarrollo.grupomedios.com\/futbol\/wp-json\/wp\/v2\/comments?post=470839"}],"version-history":[{"count":2,"href":"http:\/\/desarrollo.grupomedios.com\/futbol\/wp-json\/wp\/v2\/posts\/470839\/revisions"}],"predecessor-version":[{"id":470847,"href":"http:\/\/desarrollo.grupomedios.com\/futbol\/wp-json\/wp\/v2\/posts\/470839\/revisions\/470847"}],"wp:featuredmedia":[{"embeddable":true,"href":"http:\/\/desarrollo.grupomedios.com\/futbol\/wp-json\/wp\/v2\/media\/455015"}],"wp:attachment":[{"href":"http:\/\/desarrollo.grupomedios.com\/futbol\/wp-json\/wp\/v2\/media?parent=470839"}],"wp:term":[{"taxonomy":"category","embeddable":true,"href":"http:\/\/desarrollo.grupomedios.com\/futbol\/wp-json\/wp\/v2\/categories?post=470839"},{"taxonomy":"post_tag","embeddable":true,"href":"http:\/\/desarrollo.grupomedios.com\/futbol\/wp-json\/wp\/v2\/tags?post=470839"}],"curies":[{"name":"wp","href":"https:\/\/api.w.org\/{rel}","templated":true}]}}