{"id":470931,"date":"2017-03-28T15:05:10","date_gmt":"2017-03-28T21:05:10","guid":{"rendered":"https:\/\/www.futboltotal.com.mx\/?p=470931"},"modified":"2017-03-28T15:05:10","modified_gmt":"2017-03-28T21:05:10","slug":"arbitro-pierde-control-da-cabezazo-a-jugador","status":"publish","type":"post","link":"http:\/\/desarrollo.grupomedios.com\/futbol\/futbol-internacional\/arbitro-pierde-control-da-cabezazo-a-jugador\/2017\/03","title":{"rendered":"\u00c1rbitro pierde el control y da cabezazo a un jugador"},"content":{"rendered":"<p>El arbitraje sigue dando de que hablar alrededor del mundo, una vez m\u00e1s est\u00e1n involucrados en una agresi\u00f3n, pero ahora por parte de un silbante hac\u00eda un jugador. El acontecimiento se dio durante el juego entre Sud\u00e1frica y Angola.<\/p>\n<p>En el encuentro amistoso entre ambas selecciones el \u00e1rbitro se\u00f1al\u00f3 una falta y tras el reclamo de <strong>Natael Masuekama<\/strong>, le dio un cabezazo y despu\u00e9s un golpe con su brazo izquierdo, aunque este lo hace haciendo el movimiento al se\u00f1alar la infracci\u00f3n.<\/p>\n<p><iframe loading=\"lazy\" src=\"https:\/\/www.youtube.com\/embed\/OhLgRrHJafw\" frameborder=\"0\" allowfullscreen=\"allowfullscreen\"><\/iframe><\/p>\n","protected":false},"excerpt":{"rendered":"<p>La violencia se vuelve a hacer presente en el futbol. <\/p>\n","protected":false},"author":20,"featured_media":470940,"comment_status":"closed","ping_status":"closed","sticky":false,"template":"","format":"standard","meta":[],"categories":[5419,3839],"tags":[1547,818],"_links":{"self":[{"href":"http:\/\/desarrollo.grupomedios.com\/futbol\/wp-json\/wp\/v2\/posts\/470931"}],"collection":[{"href":"http:\/\/desarrollo.grupomedios.com\/futbol\/wp-json\/wp\/v2\/posts"}],"about":[{"href":"http:\/\/desarrollo.grupomedios.com\/futbol\/wp-json\/wp\/v2\/types\/post"}],"author":[{"embeddable":true,"href":"http:\/\/desarrollo.grupomedios.com\/futbol\/wp-json\/wp\/v2\/users\/20"}],"replies":[{"embeddable":true,"href":"http:\/\/desarrollo.grupomedios.com\/futbol\/wp-json\/wp\/v2\/comments?post=470931"}],"version-history":[{"count":1,"href":"http:\/\/desarrollo.grupomedios.com\/futbol\/wp-json\/wp\/v2\/posts\/470931\/revisions"}],"predecessor-version":[{"id":470937,"href":"http:\/\/desarrollo.grupomedios.com\/futbol\/wp-json\/wp\/v2\/posts\/470931\/revisions\/470937"}],"wp:featuredmedia":[{"embeddable":true,"href":"http:\/\/desarrollo.grupomedios.com\/futbol\/wp-json\/wp\/v2\/media\/470940"}],"wp:attachment":[{"href":"http:\/\/desarrollo.grupomedios.com\/futbol\/wp-json\/wp\/v2\/media?parent=470931"}],"wp:term":[{"taxonomy":"category","embeddable":true,"href":"http:\/\/desarrollo.grupomedios.com\/futbol\/wp-json\/wp\/v2\/categories?post=470931"},{"taxonomy":"post_tag","embeddable":true,"href":"http:\/\/desarrollo.grupomedios.com\/futbol\/wp-json\/wp\/v2\/tags?post=470931"}],"curies":[{"name":"wp","href":"https:\/\/api.w.org\/{rel}","templated":true}]}}