{"id":470933,"date":"2017-03-28T15:02:46","date_gmt":"2017-03-28T21:02:46","guid":{"rendered":"https:\/\/www.futboltotal.com.mx\/?p=470933"},"modified":"2017-03-28T15:02:46","modified_gmt":"2017-03-28T21:02:46","slug":"rafael-marquez-a-favor-la-video-asistencia","status":"publish","type":"post","link":"http:\/\/desarrollo.grupomedios.com\/futbol\/futbol-mexicano\/rafael-marquez-a-favor-la-video-asistencia\/2017\/03","title":{"rendered":"Rafael M\u00e1rquez, a favor de la video asistencia"},"content":{"rendered":"<p>El capit\u00e1n de la <a href=\"http:\/\/www.futboltotal.com.mx\/futbol-mexicano\/seleccion-mexicana\/\" target=\"_blank\">Selecci\u00f3n Mexicana<\/a> y de Atlas, <strong>Rafael M\u00e1rquez<\/strong>, revel\u00f3 en su cuenta de Twitter que le agrada la idea de que los \u00e1rbitros se auxilien de la tecnolog\u00eda en jugadas pol\u00e9micas, pues considera que es de gran aporte al futbol.<\/p>\n<blockquote class=\"twitter-tweet\" data-lang=\"es\">\n<p dir=\"ltr\" lang=\"es\">Viendo Francia VS Espa\u00f1a, me est\u00e1 gustando la video asistencia, por un juego m\u00e1s justo<\/p>\n<p>\u2014 Rafa Marquez (@RafaMarquezMX) <a href=\"https:\/\/twitter.com\/RafaMarquezMX\/status\/846824419184033792\">28 de marzo de 2017<\/a><\/p><\/blockquote>\n<p><script async src=\"\/\/platform.twitter.com\/widgets.js\" charset=\"utf-8\"><\/script><\/p>\n<p>Mientras ve\u00eda el amistoso Francia vs Espa\u00f1a, que termin\u00f3 con 0-2, <strong>Rafael M\u00e1rquez<\/strong> comparti\u00f3 su gusto por la video asistencia; ya que en dicho partido, fue anulado un gol a Antoine Griezmann, cuando el partido estaba empatado sin goles. En la jugada, Kurzawa re-centro para el delantero del Atl\u00e9tico de Madrid, pero Layvin se hab\u00eda quedado en posici\u00f3n adelantada antes de servir al delantero, por lo que la ayuda de la tecnolog\u00eda fue efectiva.<\/p>\n<p style=\"text-align: center;\"><span style=\"color: #3366ff;\"><a style=\"color: #3366ff;\" href=\"https:\/\/www.futboltotal.com.mx\/2017\/03\/dictan-sancion-a-miguel-herrera-discusion-aficionado\/\" target=\"_blank\"><strong>LEER M\u00c1S: Miguel Herrera es suspendido cinco partidos<\/strong><\/a><\/span><\/p>\n<blockquote class=\"twitter-video\" data-lang=\"es\">\n<p dir=\"ltr\" lang=\"es\">VAR anula golo de Griezmann. (via <a href=\"https:\/\/twitter.com\/itvfootball\">@itvfootball<\/a>) <a href=\"https:\/\/t.co\/izPKst2sOX\">pic.twitter.com\/izPKst2sOX<\/a><\/p>\n<p>\u2014 B24 (@B24pt) <a href=\"https:\/\/twitter.com\/B24pt\/status\/846820517483085824\">28 de marzo de 2017<\/a><\/p><\/blockquote>\n<p><script async src=\"\/\/platform.twitter.com\/widgets.js\" charset=\"utf-8\"><\/script><\/p>\n<blockquote class=\"twitter-tweet\" data-lang=\"es\">\n<p dir=\"ltr\" lang=\"es\">La tecnolog\u00eda perfectamente aplicada al futbol: Bien anulado el gol de Griezmann.<br \/>\nJusticia expedita en la cancha del Francia-Espa\u00f1a&#8230;<\/p>\n<p>\u2014 David Faitelson (@Faitelson_ESPN) <a href=\"https:\/\/twitter.com\/Faitelson_ESPN\/status\/846816409137139713\">28 de marzo de 2017<\/a><\/p><\/blockquote>\n<p><script async src=\"\/\/platform.twitter.com\/widgets.js\" charset=\"utf-8\"><\/script><\/p>\n<p>S\u00edguenos en Twitter: <a href=\"https:\/\/twitter.com\/MXFutbolTotal\" target=\"_blank\">@MXFutbolTotal<\/a><\/p>\n","protected":false},"excerpt":{"rendered":"<p>El K\u00e1iser de Michoac\u00e1n aprueba que los \u00e1rbitros se auxilien de la tecnolog\u00eda.<\/p>\n","protected":false},"author":20,"featured_media":470935,"comment_status":"closed","ping_status":"closed","sticky":false,"template":"","format":"standard","meta":[],"categories":[3839,2198],"tags":[6214,6033],"_links":{"self":[{"href":"http:\/\/desarrollo.grupomedios.com\/futbol\/wp-json\/wp\/v2\/posts\/470933"}],"collection":[{"href":"http:\/\/desarrollo.grupomedios.com\/futbol\/wp-json\/wp\/v2\/posts"}],"about":[{"href":"http:\/\/desarrollo.grupomedios.com\/futbol\/wp-json\/wp\/v2\/types\/post"}],"author":[{"embeddable":true,"href":"http:\/\/desarrollo.grupomedios.com\/futbol\/wp-json\/wp\/v2\/users\/20"}],"replies":[{"embeddable":true,"href":"http:\/\/desarrollo.grupomedios.com\/futbol\/wp-json\/wp\/v2\/comments?post=470933"}],"version-history":[{"count":1,"href":"http:\/\/desarrollo.grupomedios.com\/futbol\/wp-json\/wp\/v2\/posts\/470933\/revisions"}],"predecessor-version":[{"id":470938,"href":"http:\/\/desarrollo.grupomedios.com\/futbol\/wp-json\/wp\/v2\/posts\/470933\/revisions\/470938"}],"wp:featuredmedia":[{"embeddable":true,"href":"http:\/\/desarrollo.grupomedios.com\/futbol\/wp-json\/wp\/v2\/media\/470935"}],"wp:attachment":[{"href":"http:\/\/desarrollo.grupomedios.com\/futbol\/wp-json\/wp\/v2\/media?parent=470933"}],"wp:term":[{"taxonomy":"category","embeddable":true,"href":"http:\/\/desarrollo.grupomedios.com\/futbol\/wp-json\/wp\/v2\/categories?post=470933"},{"taxonomy":"post_tag","embeddable":true,"href":"http:\/\/desarrollo.grupomedios.com\/futbol\/wp-json\/wp\/v2\/tags?post=470933"}],"curies":[{"name":"wp","href":"https:\/\/api.w.org\/{rel}","templated":true}]}}