{"id":470945,"date":"2017-03-28T15:35:47","date_gmt":"2017-03-28T21:35:47","guid":{"rendered":"https:\/\/www.futboltotal.com.mx\/?p=470945"},"modified":"2017-03-28T15:35:47","modified_gmt":"2017-03-28T21:35:47","slug":"luis-gabriel-rey-repetiria-fair-play","status":"publish","type":"post","link":"http:\/\/desarrollo.grupomedios.com\/futbol\/futbol-mexicano\/luis-gabriel-rey-repetiria-fair-play\/2017\/03","title":{"rendered":"\u00a1Luis Gabriel Rey no repetir\u00eda Fair Play!"},"content":{"rendered":"<p>En conferencia de prensa previo al Morelia vs Chivas, de la jornada 12 del Clausura 2017, el delantero colombiano naturalizado mexicano, <strong>Luis Gabriel Rey<\/strong>, reconoci\u00f3 que la acci\u00f3n de Fair Play que realiz\u00f3 ante Am\u00e9rica en juego amistoso, ser\u00eda dif\u00edcil de repetir ante el <em>Reba\u00f1o Sagrado<\/em>.<\/p>\n<p>\u201cPara que miento no se si lo volver\u00eda a hacer, no se si en un juego oficial lo har\u00eda. Depende de la situaci\u00f3n del equipo&#8221;, se\u00f1al\u00f3 <strong>Luis Gabriel Rey<\/strong>, considerando que el Morelia a\u00fan lucha por evitar descender en el actual Clausura 2017.<\/p>\n<p>Adem\u00e1s, el delantero del Morelia sabe de la dificultad que representa enfrentar a Chivas, equipo que luce como el mejor de la fase regular, en lo que va del Clausura 2017. El encuentro ante el Reba\u00f1o se llevar\u00e1 a cabo el s\u00e1bado 1 de abril en el estadio General\u00edsimo Jos\u00e9 Mar\u00eda Morelos y Pav\u00f3n, a las 19:00 horas.<\/p>\n<p style=\"text-align: center;\"><span style=\"color: #3366ff;\"><a style=\"color: #3366ff;\" href=\"https:\/\/www.futboltotal.com.mx\/2017\/03\/dictan-sancion-a-miguel-herrera-discusion-aficionado\/\" target=\"_blank\"><strong>LEER M\u00c1S: \u00a1Miguel Herrera se perder\u00e1 cinco juegos de Liga!<\/strong><\/a><\/span><\/p>\n<blockquote class=\"twitter-video\" data-lang=\"es\">\n<p dir=\"ltr\" lang=\"es\">Luis Gabriel Rey, sabe que en el futbol mexicano no existen las ventajas y considera que el partido ante <a href=\"https:\/\/twitter.com\/Chivas\">@Chivas<\/a>, ser\u00e1 muy parejo. <a href=\"https:\/\/t.co\/gZlGcAKID9\">pic.twitter.com\/gZlGcAKID9<\/a><\/p>\n<p>\u2014 PressPort (@PressPortmx) <a href=\"https:\/\/twitter.com\/PressPortmx\/status\/846752035903037441\">28 de marzo de 2017<\/a><\/p><\/blockquote>\n<p><script async src=\"\/\/platform.twitter.com\/widgets.js\" charset=\"utf-8\"><\/script><\/p>\n<p>S\u00edguenos en Twitter: <a href=\"https:\/\/twitter.com\/MXFutbolTotal\" target=\"_blank\">@MXFutbolTotal<\/a><\/p>\n","protected":false},"excerpt":{"rendered":"<p>El delantero no reaccionar\u00eda de la misma forma ante Chivas en J12.<\/p>\n","protected":false},"author":20,"featured_media":470946,"comment_status":"closed","ping_status":"closed","sticky":false,"template":"","format":"standard","meta":[],"categories":[2198,3845],"tags":[70,1075,5967],"_links":{"self":[{"href":"http:\/\/desarrollo.grupomedios.com\/futbol\/wp-json\/wp\/v2\/posts\/470945"}],"collection":[{"href":"http:\/\/desarrollo.grupomedios.com\/futbol\/wp-json\/wp\/v2\/posts"}],"about":[{"href":"http:\/\/desarrollo.grupomedios.com\/futbol\/wp-json\/wp\/v2\/types\/post"}],"author":[{"embeddable":true,"href":"http:\/\/desarrollo.grupomedios.com\/futbol\/wp-json\/wp\/v2\/users\/20"}],"replies":[{"embeddable":true,"href":"http:\/\/desarrollo.grupomedios.com\/futbol\/wp-json\/wp\/v2\/comments?post=470945"}],"version-history":[{"count":1,"href":"http:\/\/desarrollo.grupomedios.com\/futbol\/wp-json\/wp\/v2\/posts\/470945\/revisions"}],"predecessor-version":[{"id":470947,"href":"http:\/\/desarrollo.grupomedios.com\/futbol\/wp-json\/wp\/v2\/posts\/470945\/revisions\/470947"}],"wp:featuredmedia":[{"embeddable":true,"href":"http:\/\/desarrollo.grupomedios.com\/futbol\/wp-json\/wp\/v2\/media\/470946"}],"wp:attachment":[{"href":"http:\/\/desarrollo.grupomedios.com\/futbol\/wp-json\/wp\/v2\/media?parent=470945"}],"wp:term":[{"taxonomy":"category","embeddable":true,"href":"http:\/\/desarrollo.grupomedios.com\/futbol\/wp-json\/wp\/v2\/categories?post=470945"},{"taxonomy":"post_tag","embeddable":true,"href":"http:\/\/desarrollo.grupomedios.com\/futbol\/wp-json\/wp\/v2\/tags?post=470945"}],"curies":[{"name":"wp","href":"https:\/\/api.w.org\/{rel}","templated":true}]}}