{"id":470992,"date":"2017-03-28T18:18:42","date_gmt":"2017-03-29T00:18:42","guid":{"rendered":"https:\/\/www.futboltotal.com.mx\/?p=470992"},"modified":"2017-03-28T18:19:40","modified_gmt":"2017-03-29T00:19:40","slug":"chaco-manda-mensaje-al-americanismo-chingue-a-madre","status":"publish","type":"post","link":"http:\/\/desarrollo.grupomedios.com\/futbol\/futbol-mexicano\/chaco-manda-mensaje-al-americanismo-chingue-a-madre\/2017\/03","title":{"rendered":"Chaco manda mensaje al americanismo: &#8220;Que chin&#8230; a su madre&#8221;"},"content":{"rendered":"<p><strong>Christian Chaco Gim\u00e9nez<\/strong> mand\u00f3 un mensaje bastante fuerte al equipo en el que alg\u00fan d\u00eda jug\u00f3. Esto ocurri\u00f3 a las afueras de un inmueble en donde el futbolista daba aut\u00f3grafos a un grupo de aficionados.<\/p>\n<p>Uno de esos seguidores le ped\u00eda un saludo para los &#8220;wilos&#8221;, pero el <strong>Chaco<\/strong> pregunt\u00f3 qui\u00e9nes eran ellos y al enterarse coment\u00f3 &#8220;que chinguen su madre&#8221;, expresi\u00f3n que dio risa al entorno.<\/p>\n<p><iframe loading=\"lazy\" src=\"https:\/\/www.youtube.com\/embed\/A4kdPyXQzHI\" frameborder=\"0\" allowfullscreen=\"allowfullscreen\"><\/iframe><\/p>\n<p>Recordemos que Chaco jugo en 2005 con las \u00c1guilas, pero siempre ha expresado que quiere retirarse con la M\u00e1quina.<\/p>\n","protected":false},"excerpt":{"rendered":"<p>El argentino mand\u00f3 un fuerte saludo a la afici\u00f3n del Am\u00e9rica. <\/p>\n","protected":false},"author":20,"featured_media":470996,"comment_status":"closed","ping_status":"closed","sticky":false,"template":"","format":"standard","meta":[],"categories":[5419,2198,3845],"tags":[368,5998],"_links":{"self":[{"href":"http:\/\/desarrollo.grupomedios.com\/futbol\/wp-json\/wp\/v2\/posts\/470992"}],"collection":[{"href":"http:\/\/desarrollo.grupomedios.com\/futbol\/wp-json\/wp\/v2\/posts"}],"about":[{"href":"http:\/\/desarrollo.grupomedios.com\/futbol\/wp-json\/wp\/v2\/types\/post"}],"author":[{"embeddable":true,"href":"http:\/\/desarrollo.grupomedios.com\/futbol\/wp-json\/wp\/v2\/users\/20"}],"replies":[{"embeddable":true,"href":"http:\/\/desarrollo.grupomedios.com\/futbol\/wp-json\/wp\/v2\/comments?post=470992"}],"version-history":[{"count":1,"href":"http:\/\/desarrollo.grupomedios.com\/futbol\/wp-json\/wp\/v2\/posts\/470992\/revisions"}],"predecessor-version":[{"id":470997,"href":"http:\/\/desarrollo.grupomedios.com\/futbol\/wp-json\/wp\/v2\/posts\/470992\/revisions\/470997"}],"wp:featuredmedia":[{"embeddable":true,"href":"http:\/\/desarrollo.grupomedios.com\/futbol\/wp-json\/wp\/v2\/media\/470996"}],"wp:attachment":[{"href":"http:\/\/desarrollo.grupomedios.com\/futbol\/wp-json\/wp\/v2\/media?parent=470992"}],"wp:term":[{"taxonomy":"category","embeddable":true,"href":"http:\/\/desarrollo.grupomedios.com\/futbol\/wp-json\/wp\/v2\/categories?post=470992"},{"taxonomy":"post_tag","embeddable":true,"href":"http:\/\/desarrollo.grupomedios.com\/futbol\/wp-json\/wp\/v2\/tags?post=470992"}],"curies":[{"name":"wp","href":"https:\/\/api.w.org\/{rel}","templated":true}]}}