{"id":471026,"date":"2017-03-28T19:46:08","date_gmt":"2017-03-29T01:46:08","guid":{"rendered":"https:\/\/www.futboltotal.com.mx\/?p=471026"},"modified":"2017-03-28T19:46:08","modified_gmt":"2017-03-29T01:46:08","slug":"cuauhtemoc-blanco-responde-a-trinitario-lo-lesiono","status":"publish","type":"post","link":"http:\/\/desarrollo.grupomedios.com\/futbol\/futbol-mexicano\/cuauhtemoc-blanco-responde-a-trinitario-lo-lesiono\/2017\/03","title":{"rendered":"Cuauht\u00e9moc Blanco responde a trinitario que lo lesion\u00f3"},"content":{"rendered":"<p>Hace tan solo unas horas se hab\u00eda filtrado una entrevista de ESPN con<strong>\u00a0Ancil Elcock,<\/strong> jugador de Trinidad y Tobago que lesion\u00f3 a <strong>Cuauht\u00e9moc Blanco<\/strong> hace ya varios a\u00f1os y que lo dej\u00f3 fuera de las canchas pro un largo periodo.<\/p>\n<p><strong>Elcock<\/strong>, coment\u00f3 que no hab\u00eda olvidado a\u00fan ese momento de su carrera y ped\u00eda una disculpa al mexicano e incluso coment\u00f3 que lo invitaba a un juego de futbol para limar asperezas de aquella jugada.<\/p>\n<p style=\"text-align: center;\"><span style=\"color: #3366ff;\"><a style=\"color: #3366ff;\" href=\"https:\/\/www.futboltotal.com.mx\/2017\/03\/elcock-aun-quiere-pedir-perdon-a-cuauhtemoc-lesionarlo\/\" target=\"_blank\">LEER M\u00c1S: Elcock aun quiere pedir perd\u00f3n a Cuauht\u00e9moc por lesionarlo<\/a><\/span><\/p>\n<p><em>Cuau<\/em> ya le respondi\u00f3 a Ancil a trav\u00e9s de Twitter, en donde public\u00f3 que el ya hab\u00eda perdonado al ex futbolista y que a pesar de que fue un momento dif\u00edcil de su carrera, \u00e9l lo pudo afrontar de buena forma.<\/p>\n<p>&nbsp;<\/p>\n<blockquote class=\"twitter-tweet\" data-lang=\"es\">\n<p dir=\"ltr\" lang=\"es\">Despu\u00e9s de 17 a\u00f1os les aseguro que hace tiempo perdon\u00e9 a Ancil Elcock, de <a href=\"https:\/\/twitter.com\/hashtag\/TyT?src=hash\">#TyT<\/a>. Momentos dif\u00edciles como esa lesi\u00f3n me hicieron m\u00e1s fuerte &#x1f1f2;&#x1f1fd;<\/p>\n<p>\u2014 Cuauht\u00e9moc Blanco (@CuauhtemocBco) <a href=\"https:\/\/twitter.com\/CuauhtemocBco\/status\/846879526722289665\">29 de marzo de 2017<\/a><\/p><\/blockquote>\n<p><script async src=\"\/\/platform.twitter.com\/widgets.js\" charset=\"utf-8\"><\/script><\/p>\n<p>S\u00edguenos en Twitter: <a href=\"https:\/\/twitter.com\/MXFutbolTotal\" target=\"_blank\">@MXFutbolTotal<\/a><\/p>\n","protected":false},"excerpt":{"rendered":"<p>El ex futbolista manda mensaje a Ancil Elcock.<\/p>\n","protected":false},"author":20,"featured_media":471034,"comment_status":"closed","ping_status":"closed","sticky":false,"template":"","format":"standard","meta":[],"categories":[2198,3847],"tags":[998,65,1084],"_links":{"self":[{"href":"http:\/\/desarrollo.grupomedios.com\/futbol\/wp-json\/wp\/v2\/posts\/471026"}],"collection":[{"href":"http:\/\/desarrollo.grupomedios.com\/futbol\/wp-json\/wp\/v2\/posts"}],"about":[{"href":"http:\/\/desarrollo.grupomedios.com\/futbol\/wp-json\/wp\/v2\/types\/post"}],"author":[{"embeddable":true,"href":"http:\/\/desarrollo.grupomedios.com\/futbol\/wp-json\/wp\/v2\/users\/20"}],"replies":[{"embeddable":true,"href":"http:\/\/desarrollo.grupomedios.com\/futbol\/wp-json\/wp\/v2\/comments?post=471026"}],"version-history":[{"count":1,"href":"http:\/\/desarrollo.grupomedios.com\/futbol\/wp-json\/wp\/v2\/posts\/471026\/revisions"}],"predecessor-version":[{"id":471035,"href":"http:\/\/desarrollo.grupomedios.com\/futbol\/wp-json\/wp\/v2\/posts\/471026\/revisions\/471035"}],"wp:featuredmedia":[{"embeddable":true,"href":"http:\/\/desarrollo.grupomedios.com\/futbol\/wp-json\/wp\/v2\/media\/471034"}],"wp:attachment":[{"href":"http:\/\/desarrollo.grupomedios.com\/futbol\/wp-json\/wp\/v2\/media?parent=471026"}],"wp:term":[{"taxonomy":"category","embeddable":true,"href":"http:\/\/desarrollo.grupomedios.com\/futbol\/wp-json\/wp\/v2\/categories?post=471026"},{"taxonomy":"post_tag","embeddable":true,"href":"http:\/\/desarrollo.grupomedios.com\/futbol\/wp-json\/wp\/v2\/tags?post=471026"}],"curies":[{"name":"wp","href":"https:\/\/api.w.org\/{rel}","templated":true}]}}