{"id":471073,"date":"2017-03-29T08:37:44","date_gmt":"2017-03-29T14:37:44","guid":{"rendered":"https:\/\/www.futboltotal.com.mx\/?p=471073"},"modified":"2017-03-29T08:37:44","modified_gmt":"2017-03-29T14:37:44","slug":"vota-mejor-gol-la-segunda-jornada-la-fecha-fifa","status":"publish","type":"post","link":"http:\/\/desarrollo.grupomedios.com\/futbol\/destacado-home\/vota-mejor-gol-la-segunda-jornada-la-fecha-fifa\/2017\/03","title":{"rendered":"Vota por el mejor gol de la segunda jornada de la Fecha FIFA"},"content":{"rendered":"<p>Se termin\u00f3 la ansiada Fecha FIFA y sin duda ser\u00e1 una de las m\u00e1s recordadas por los resultados que nos brindaron diversos equipos por todo el mundo, pero algo que nos ha dejado marcados son los buenos goles que se han dado.<\/p>\n<p>En esta ocasi\u00f3n traemos las cinco mejores anotaciones, en donde lucen participantes de Chile, Georgia, Jap\u00f3n, Italia y Per\u00fa, que se llevar\u00e1n la menci\u00f3n de acuerdo a votaciones que decidir\u00e1n nuestros cracks.<\/p>\n<p>Aqu\u00ed te dejamos los mejores goles de la jornada dos de la Fecha FIFA.<\/p>\n<p><script type=\"text\/javascript\" src=\"\/\/cdn.playbuzz.com\/widget\/feed.js\"><\/script><\/p>\n<div class=\"pb_feed\" data-embed-by=\"d43f3879-83ed-40bc-99d7-fde80605466f\" data-item=\"4137f07c-2864-41a4-8131-a3faf755efe1\" data-recommend=\"false\" data-game-info=\"false\"><\/div>\n","protected":false},"excerpt":{"rendered":"<p>T\u00fa elegir\u00e1s la mejor anotaci\u00f3n de la segunda mitad de la Fecha FIFA.<\/p>\n","protected":false},"author":20,"featured_media":471076,"comment_status":"closed","ping_status":"closed","sticky":false,"template":"","format":"standard","meta":[],"categories":[5,3839],"tags":[406,830,292,126,722],"_links":{"self":[{"href":"http:\/\/desarrollo.grupomedios.com\/futbol\/wp-json\/wp\/v2\/posts\/471073"}],"collection":[{"href":"http:\/\/desarrollo.grupomedios.com\/futbol\/wp-json\/wp\/v2\/posts"}],"about":[{"href":"http:\/\/desarrollo.grupomedios.com\/futbol\/wp-json\/wp\/v2\/types\/post"}],"author":[{"embeddable":true,"href":"http:\/\/desarrollo.grupomedios.com\/futbol\/wp-json\/wp\/v2\/users\/20"}],"replies":[{"embeddable":true,"href":"http:\/\/desarrollo.grupomedios.com\/futbol\/wp-json\/wp\/v2\/comments?post=471073"}],"version-history":[{"count":1,"href":"http:\/\/desarrollo.grupomedios.com\/futbol\/wp-json\/wp\/v2\/posts\/471073\/revisions"}],"predecessor-version":[{"id":471075,"href":"http:\/\/desarrollo.grupomedios.com\/futbol\/wp-json\/wp\/v2\/posts\/471073\/revisions\/471075"}],"wp:featuredmedia":[{"embeddable":true,"href":"http:\/\/desarrollo.grupomedios.com\/futbol\/wp-json\/wp\/v2\/media\/471076"}],"wp:attachment":[{"href":"http:\/\/desarrollo.grupomedios.com\/futbol\/wp-json\/wp\/v2\/media?parent=471073"}],"wp:term":[{"taxonomy":"category","embeddable":true,"href":"http:\/\/desarrollo.grupomedios.com\/futbol\/wp-json\/wp\/v2\/categories?post=471073"},{"taxonomy":"post_tag","embeddable":true,"href":"http:\/\/desarrollo.grupomedios.com\/futbol\/wp-json\/wp\/v2\/tags?post=471073"}],"curies":[{"name":"wp","href":"https:\/\/api.w.org\/{rel}","templated":true}]}}