{"id":471077,"date":"2017-03-29T09:15:02","date_gmt":"2017-03-29T15:15:02","guid":{"rendered":"https:\/\/www.futboltotal.com.mx\/?p=471077"},"modified":"2017-03-29T09:15:02","modified_gmt":"2017-03-29T15:15:02","slug":"chaco-pide-disculpas-insultar-a-la-aficion-america","status":"publish","type":"post","link":"http:\/\/desarrollo.grupomedios.com\/futbol\/futbol-mexicano\/chaco-pide-disculpas-insultar-a-la-aficion-america\/2017\/03","title":{"rendered":"Chaco pide disculpas por insultar a la afici\u00f3n de Am\u00e9rica"},"content":{"rendered":"<p>Despu\u00e9s de haber causado pol\u00e9mica por insultar a los seguidores del club Am\u00e9rica, el mediocampista de Cruz Azul, <strong>Christian <em>Chaco\u00a0<\/em>Gim\u00e9nez<\/strong>, ofreci\u00f3 disculpas y asegur\u00f3 que el video fue grabado &#8220;con un contexto de broma&#8221; y nunca quiso ofender ni al club ni a sus seguidores.<\/p>\n<blockquote><p>&#8220;Me siento triste por lo sucedido con el video que est\u00e1 circulando. Asumo mi responsabilidad de lo hecho y ofrezco una disculpa. Al final, como ser humano cuando uno se equivoca es de hombres aceptar que estuve mal&#8221;, public\u00f3 \u00a0Gim\u00e9nez en su cuenta de <em>twitter.<\/em><\/p><\/blockquote>\n<p style=\"text-align: center;\"><span style=\"color: #3366ff;\">VER M\u00c1S: Todas las noticias de futbol mexicano<\/span><\/p>\n<blockquote class=\"twitter-tweet\" data-lang=\"es\">\n<p dir=\"ltr\" lang=\"es\">A toda la afici\u00f3n mexicana: <a href=\"https:\/\/t.co\/KeUBcbfMgC\">pic.twitter.com\/KeUBcbfMgC<\/a><\/p>\n<p>\u2014 Chaco Gimenez\u26bd (@chaco_81) <a href=\"https:\/\/twitter.com\/chaco_81\/status\/846960129283145730\">29 de marzo de 2017<\/a><\/p><\/blockquote>\n<p><script async src=\"\/\/platform.twitter.com\/widgets.js\" charset=\"utf-8\"><\/script><\/p>\n<blockquote><p>&#8220;Tenemos que ser ejemplo y esto no lo fue. Si bien el video se grab\u00f3 con un contexto de broma, no fue mi intenci\u00f3n da\u00f1ar o hablar mal de un club que merece todo mi respeto&#8230;.&#8221;<\/p><\/blockquote>\n<p>El exjugador del Am\u00e9rica asegur\u00f3 que tiene que ser ejemplar para las futuras y lo que hizo &#8220;no lo fue&#8221;.<\/p>\n<blockquote><p>&#8220;Soy una persona con valores y s\u00e9 tambi\u00e9n que estamos expuestos ante ni\u00f1os y familias y de coraz\u00f3n pido perd\u00f3n&#8221;, agreg\u00f3 el <em>Chaco.\u00a0<\/em><\/p>\n<p>&#8220;Soy una persona agradecida con este pa\u00eds y con los clubes donde jugu\u00e9 y aun m\u00e1s con todas las aficiones de los equipos que me dieron la oportunidad de seguir creciendo como ser humano en este pa\u00eds.<\/p><\/blockquote>\n","protected":false},"excerpt":{"rendered":"<p>El mediocampista asegur\u00f3 que su comentario fue en tono de broma. <\/p>\n","protected":false},"author":20,"featured_media":471085,"comment_status":"closed","ping_status":"closed","sticky":false,"template":"","format":"standard","meta":[],"categories":[2198,3845],"tags":[368,5962],"_links":{"self":[{"href":"http:\/\/desarrollo.grupomedios.com\/futbol\/wp-json\/wp\/v2\/posts\/471077"}],"collection":[{"href":"http:\/\/desarrollo.grupomedios.com\/futbol\/wp-json\/wp\/v2\/posts"}],"about":[{"href":"http:\/\/desarrollo.grupomedios.com\/futbol\/wp-json\/wp\/v2\/types\/post"}],"author":[{"embeddable":true,"href":"http:\/\/desarrollo.grupomedios.com\/futbol\/wp-json\/wp\/v2\/users\/20"}],"replies":[{"embeddable":true,"href":"http:\/\/desarrollo.grupomedios.com\/futbol\/wp-json\/wp\/v2\/comments?post=471077"}],"version-history":[{"count":1,"href":"http:\/\/desarrollo.grupomedios.com\/futbol\/wp-json\/wp\/v2\/posts\/471077\/revisions"}],"predecessor-version":[{"id":471088,"href":"http:\/\/desarrollo.grupomedios.com\/futbol\/wp-json\/wp\/v2\/posts\/471077\/revisions\/471088"}],"wp:featuredmedia":[{"embeddable":true,"href":"http:\/\/desarrollo.grupomedios.com\/futbol\/wp-json\/wp\/v2\/media\/471085"}],"wp:attachment":[{"href":"http:\/\/desarrollo.grupomedios.com\/futbol\/wp-json\/wp\/v2\/media?parent=471077"}],"wp:term":[{"taxonomy":"category","embeddable":true,"href":"http:\/\/desarrollo.grupomedios.com\/futbol\/wp-json\/wp\/v2\/categories?post=471077"},{"taxonomy":"post_tag","embeddable":true,"href":"http:\/\/desarrollo.grupomedios.com\/futbol\/wp-json\/wp\/v2\/tags?post=471077"}],"curies":[{"name":"wp","href":"https:\/\/api.w.org\/{rel}","templated":true}]}}