{"id":471080,"date":"2017-03-29T08:59:16","date_gmt":"2017-03-29T14:59:16","guid":{"rendered":"https:\/\/www.futboltotal.com.mx\/?p=471080"},"modified":"2017-03-29T08:59:16","modified_gmt":"2017-03-29T14:59:16","slug":"aficionado-besa-a-christian-martinoli","status":"publish","type":"post","link":"http:\/\/desarrollo.grupomedios.com\/futbol\/futbol-mexicano\/aficionado-besa-a-christian-martinoli\/2017\/03","title":{"rendered":"Aficionado besa a Christian Martinoli"},"content":{"rendered":"<p>El comentarista de TV Azteca, <strong>Christian Martinoli,<\/strong> se ha vuelto una influencia en el medio deportivo y es que con sus narraciones gran parte de las personas se sienten identificadas, es por esto que se ha ganado el cari\u00f1o de la gente poco a poco.<\/p>\n<p style=\"text-align: left;\"><strong>Martinoli<\/strong> tuvo una convivencia en una secci\u00f3n de la p\u00e1gina <em>Referee<\/em> que se denomina <em>Charlas Diab\u00f3licas<\/em>, en donde invitaron a tres fan\u00e1ticos para que pudieran convivir con el narrador.<\/p>\n<p style=\"text-align: center;\"><span style=\"color: #3366ff;\"><a style=\"color: #3366ff;\" href=\"https:\/\/www.futboltotal.com.mx\/2017\/03\/vota-mejor-gol-la-segunda-jornada-la-fecha-fifa\/\" target=\"_blank\">LEER M\u00c1S: Vota por el mejor gol de la segunda jornada de la Fecha FIFA<\/a><\/span><\/p>\n<p>En una parte de la secci\u00f3n mencionaron que uno de ellos parec\u00eda que quer\u00eda abrazar y besar a <strong>Martinoli,<\/strong> lo que provoc\u00f3 que el mismo comentarista le dijera al invitado que lo hiciera sin ning\u00fan problema.<\/p>\n<p><iframe loading=\"lazy\" src=\"https:\/\/www.youtube.com\/embed\/AsMdHi6bEyY\" frameborder=\"0\" allowfullscreen=\"allowfullscreen\"><\/iframe><\/p>\n","protected":false},"excerpt":{"rendered":"<p>Un aficionado decidi\u00f3 besar y abrazar al comentarista.<\/p>\n","protected":false},"author":20,"featured_media":471081,"comment_status":"closed","ping_status":"closed","sticky":false,"template":"","format":"standard","meta":[],"categories":[5419,3839,2198],"tags":[5849,4665],"_links":{"self":[{"href":"http:\/\/desarrollo.grupomedios.com\/futbol\/wp-json\/wp\/v2\/posts\/471080"}],"collection":[{"href":"http:\/\/desarrollo.grupomedios.com\/futbol\/wp-json\/wp\/v2\/posts"}],"about":[{"href":"http:\/\/desarrollo.grupomedios.com\/futbol\/wp-json\/wp\/v2\/types\/post"}],"author":[{"embeddable":true,"href":"http:\/\/desarrollo.grupomedios.com\/futbol\/wp-json\/wp\/v2\/users\/20"}],"replies":[{"embeddable":true,"href":"http:\/\/desarrollo.grupomedios.com\/futbol\/wp-json\/wp\/v2\/comments?post=471080"}],"version-history":[{"count":1,"href":"http:\/\/desarrollo.grupomedios.com\/futbol\/wp-json\/wp\/v2\/posts\/471080\/revisions"}],"predecessor-version":[{"id":471082,"href":"http:\/\/desarrollo.grupomedios.com\/futbol\/wp-json\/wp\/v2\/posts\/471080\/revisions\/471082"}],"wp:featuredmedia":[{"embeddable":true,"href":"http:\/\/desarrollo.grupomedios.com\/futbol\/wp-json\/wp\/v2\/media\/471081"}],"wp:attachment":[{"href":"http:\/\/desarrollo.grupomedios.com\/futbol\/wp-json\/wp\/v2\/media?parent=471080"}],"wp:term":[{"taxonomy":"category","embeddable":true,"href":"http:\/\/desarrollo.grupomedios.com\/futbol\/wp-json\/wp\/v2\/categories?post=471080"},{"taxonomy":"post_tag","embeddable":true,"href":"http:\/\/desarrollo.grupomedios.com\/futbol\/wp-json\/wp\/v2\/tags?post=471080"}],"curies":[{"name":"wp","href":"https:\/\/api.w.org\/{rel}","templated":true}]}}