{"id":471096,"date":"2017-03-29T09:40:03","date_gmt":"2017-03-29T15:40:03","guid":{"rendered":"https:\/\/www.futboltotal.com.mx\/?p=471096"},"modified":"2017-03-29T09:40:03","modified_gmt":"2017-03-29T15:40:03","slug":"comentarista-brasileno-amenazado-narra-gol-agachado","status":"publish","type":"post","link":"http:\/\/desarrollo.grupomedios.com\/futbol\/futbol-internacional\/comentarista-brasileno-amenazado-narra-gol-agachado\/2017\/03","title":{"rendered":"Comentarista brasile\u00f1o es amenazado y narra gol agachado"},"content":{"rendered":"<p>Un comentarista brasile\u00f1o de\u00a0<em>Radio Bandeirantes de Campinas,\u00a0<\/em>vivi\u00f3 momentos de preocupaci\u00f3n durante el juego de <strong>Ponte Preta y Sao Bento,<\/strong> luego de que tuviera que narrar el \u00faltimo gol del Sao Bento en el minuto 40&#8242; agachado.<\/p>\n<p><strong>Casrlos Batista,<\/strong> fue acosado por los seguidores del <strong>Ponte Preta<\/strong> luego de que su equipo consiguiera el empate parcial. La cabina se encontraba con bastante cercan\u00eda a lugar donde se encontraban los hinchas locales.<\/p>\n<p style=\"text-align: center;\"><span style=\"color: #3366ff;\"><a style=\"color: #3366ff;\" href=\"https:\/\/www.futboltotal.com.mx\/2017\/03\/11-ideal-del-cierre-de-fecha-fifa\/\" target=\"_blank\">LEER M\u00c1S: \u00a111 ideal del cierre de fecha FIFA!<\/a><\/span><\/p>\n<blockquote><p>&#8220;Vi una mano entrar, intentando pegarme a m\u00ed y tirarme el m\u00f3vil. Hab\u00eda 20 personas m\u00e1s grit\u00e1ndome. La polic\u00eda no estaba, no hizo nada.Cuando hubo el gol en el 40 sab\u00eda que iba a haber problemas. Narr\u00e9 el gol agachado, s\u00f3lo dije gol, no pude m\u00e1s. La polic\u00eda lleg\u00f3 despu\u00e9s y pude abandonar el recinto sin problema. Es incre\u00edble que ellos puedan llegar as\u00ed sin ning\u00fan tipo de barrera&#8221;, declar\u00f3 el comentarista.<\/p><\/blockquote>\n<p>Al final la situaci\u00f3n no pas\u00f3 a mayores y <strong>Batista<\/strong> sali\u00f3 ileso del inmueble en el que se encontraba.<\/p>\n<p>S\u00edguenos en Twitter: <a href=\"https:\/\/twitter.com\/MXFutbolTotal\" target=\"_blank\">@MXFutbolTotal<\/a><\/p>\n","protected":false},"excerpt":{"rendered":"<p>El narrador vivi\u00f3 momentos de angustia.<\/p>\n","protected":false},"author":20,"featured_media":471099,"comment_status":"closed","ping_status":"closed","sticky":false,"template":"","format":"standard","meta":[],"categories":[5419,3839],"tags":[6009],"_links":{"self":[{"href":"http:\/\/desarrollo.grupomedios.com\/futbol\/wp-json\/wp\/v2\/posts\/471096"}],"collection":[{"href":"http:\/\/desarrollo.grupomedios.com\/futbol\/wp-json\/wp\/v2\/posts"}],"about":[{"href":"http:\/\/desarrollo.grupomedios.com\/futbol\/wp-json\/wp\/v2\/types\/post"}],"author":[{"embeddable":true,"href":"http:\/\/desarrollo.grupomedios.com\/futbol\/wp-json\/wp\/v2\/users\/20"}],"replies":[{"embeddable":true,"href":"http:\/\/desarrollo.grupomedios.com\/futbol\/wp-json\/wp\/v2\/comments?post=471096"}],"version-history":[{"count":1,"href":"http:\/\/desarrollo.grupomedios.com\/futbol\/wp-json\/wp\/v2\/posts\/471096\/revisions"}],"predecessor-version":[{"id":471100,"href":"http:\/\/desarrollo.grupomedios.com\/futbol\/wp-json\/wp\/v2\/posts\/471096\/revisions\/471100"}],"wp:featuredmedia":[{"embeddable":true,"href":"http:\/\/desarrollo.grupomedios.com\/futbol\/wp-json\/wp\/v2\/media\/471099"}],"wp:attachment":[{"href":"http:\/\/desarrollo.grupomedios.com\/futbol\/wp-json\/wp\/v2\/media?parent=471096"}],"wp:term":[{"taxonomy":"category","embeddable":true,"href":"http:\/\/desarrollo.grupomedios.com\/futbol\/wp-json\/wp\/v2\/categories?post=471096"},{"taxonomy":"post_tag","embeddable":true,"href":"http:\/\/desarrollo.grupomedios.com\/futbol\/wp-json\/wp\/v2\/tags?post=471096"}],"curies":[{"name":"wp","href":"https:\/\/api.w.org\/{rel}","templated":true}]}}