{"id":471101,"date":"2017-03-29T10:07:11","date_gmt":"2017-03-29T16:07:11","guid":{"rendered":"https:\/\/www.futboltotal.com.mx\/?p=471101"},"modified":"2017-03-29T10:07:11","modified_gmt":"2017-03-29T16:07:11","slug":"barcelona-pierde-pieza-importante-enfrentar-a-la-juve","status":"publish","type":"post","link":"http:\/\/desarrollo.grupomedios.com\/futbol\/futbol-internacional\/barcelona-pierde-pieza-importante-enfrentar-a-la-juve\/2017\/03","title":{"rendered":"Barcelona pierde pieza importante para enfrentar a la Juve"},"content":{"rendered":"<p>El centrocampista turco <strong>Arda Turan<\/strong> estar\u00e1 tres semanas de baja debido a una lesi\u00f3n muscular en el abductor de la pierna derecha, seg\u00fan ha confirmado el Barcelona mediante un comunicado.<\/p>\n<p>Si se cumplen los plazos, <strong>Turan<\/strong> ser\u00e1 baja para la eliminatoria de cuartos de final de la Liga de Campeones que enfrentar\u00e1 al Bar\u00e7a con la\u00a0<strong>Juventus<\/strong>. La ida se jugar\u00e1 en Italia el 11 de abril y la vuelta en Barcelona el 19 de abril.<\/p>\n<p style=\"text-align: center;\"><span style=\"color: #3366ff;\"><a style=\"color: #3366ff;\" href=\"https:\/\/www.futboltotal.com.mx\/2017\/03\/11-ideal-del-cierre-de-fecha-fifa\/\" target=\"_blank\">LEER M\u00c1S: \u00a1El 11 ideal del cierre de fecha FIFA!<\/a><\/span><\/p>\n<p>Tambi\u00e9n en este periodo de tiempo, el Bar\u00e7a jugar\u00e1 encuentros de Liga ante el <strong>Granada, Sevilla, M\u00e1laga y Real Sociedad<\/strong>, partidos que podr\u00eda perderse el centrocampista.<\/p>\n<p><strong>Turan<\/strong> lider\u00f3 la victoria de Turqu\u00eda ante Finlandia, el pasado viernes en Antalya, pero posteriormente caus\u00f3 baja con su selecci\u00f3n para el amistoso que ten\u00eda que jugar en Moldavia a causa de unas molestias que han derivado en una baja de tres semanas.<\/p>\n<p>S\u00edguenos en Twitter: <a href=\"https:\/\/twitter.com\/MXFutbolTotal\" target=\"_blank\">@MXFutbolTotal<\/a><\/p>\n","protected":false},"excerpt":{"rendered":"<p>El mediocampista estar\u00e1 por tre semanas alejado de las canchas.<\/p>\n","protected":false},"author":144,"featured_media":471105,"comment_status":"closed","ping_status":"closed","sticky":false,"template":"","format":"standard","meta":[],"categories":[3841,3839,3844],"tags":[6055,5984],"_links":{"self":[{"href":"http:\/\/desarrollo.grupomedios.com\/futbol\/wp-json\/wp\/v2\/posts\/471101"}],"collection":[{"href":"http:\/\/desarrollo.grupomedios.com\/futbol\/wp-json\/wp\/v2\/posts"}],"about":[{"href":"http:\/\/desarrollo.grupomedios.com\/futbol\/wp-json\/wp\/v2\/types\/post"}],"author":[{"embeddable":true,"href":"http:\/\/desarrollo.grupomedios.com\/futbol\/wp-json\/wp\/v2\/users\/144"}],"replies":[{"embeddable":true,"href":"http:\/\/desarrollo.grupomedios.com\/futbol\/wp-json\/wp\/v2\/comments?post=471101"}],"version-history":[{"count":1,"href":"http:\/\/desarrollo.grupomedios.com\/futbol\/wp-json\/wp\/v2\/posts\/471101\/revisions"}],"predecessor-version":[{"id":471106,"href":"http:\/\/desarrollo.grupomedios.com\/futbol\/wp-json\/wp\/v2\/posts\/471101\/revisions\/471106"}],"wp:featuredmedia":[{"embeddable":true,"href":"http:\/\/desarrollo.grupomedios.com\/futbol\/wp-json\/wp\/v2\/media\/471105"}],"wp:attachment":[{"href":"http:\/\/desarrollo.grupomedios.com\/futbol\/wp-json\/wp\/v2\/media?parent=471101"}],"wp:term":[{"taxonomy":"category","embeddable":true,"href":"http:\/\/desarrollo.grupomedios.com\/futbol\/wp-json\/wp\/v2\/categories?post=471101"},{"taxonomy":"post_tag","embeddable":true,"href":"http:\/\/desarrollo.grupomedios.com\/futbol\/wp-json\/wp\/v2\/tags?post=471101"}],"curies":[{"name":"wp","href":"https:\/\/api.w.org\/{rel}","templated":true}]}}