{"id":471139,"date":"2017-03-29T13:01:27","date_gmt":"2017-03-29T19:01:27","guid":{"rendered":"https:\/\/www.futboltotal.com.mx\/?p=471139"},"modified":"2017-03-29T13:01:27","modified_gmt":"2017-03-29T19:01:27","slug":"sebastian-giovinco-estaria-cerca-fichar-cruz-azul","status":"publish","type":"post","link":"http:\/\/desarrollo.grupomedios.com\/futbol\/futbol-mexicano\/sebastian-giovinco-estaria-cerca-fichar-cruz-azul\/2017\/03","title":{"rendered":"Sebasti\u00e1n Giovinco suena para reforzar al&#8230; \u00a1Cruz Azul!"},"content":{"rendered":"<p>Apenas estamos pasando poco m\u00e1s de la mitad del torneo regular en el <strong>Clausura 2017<\/strong> de la Liga MX y los rumores acerca de posibles fichajes para reforzar a diversos clubes en el siguiente campeonato est\u00e1n a la orden del d\u00eda, como la figura internacional que parece haber sido ofrecida al <strong>Cruz Azul<\/strong>.<\/p>\n<p>De acuerdo a informaci\u00f3n del diario R\u00e9cord, el atacante italiano <strong>Sebasti\u00e1n Giovinco<\/strong>, actual figura del <strong>Toronto FC<\/strong>, nuevamente es vinculado con los <em>Cementeros<\/em> ante los bajos n\u00fameros que sus delanteros han tenido en este torneo.<\/p>\n<p style=\"text-align: center;\"><a href=\"https:\/\/www.futboltotal.com.mx\/2017\/03\/los-mejores-memes-del-nuevo-busto-cristiano-ronaldo\/\">VER M\u00c1S: Los mejores memes del nuevo busto de Cristiano Ronaldo<\/a><\/p>\n<p>El ofrecimiento para que Giovinco se vista de cruzazulino a\u00fan no ser\u00eda formal y necesitar\u00eda del aval tanto del entrenador espa\u00f1ol <strong>Paco J\u00e9mez<\/strong> como del directivo Eduardo de la Torre.<\/p>\n<p>Sin embargo, la posible baja del atacante paraguayo Jorge Ben\u00edtez para el pr\u00f3ximo certamen alimenta la posibilidad de que el italiano llegue a la Liga MX y refuerce a La M\u00e1quina.<\/p>\n<p class=\"p1\"><span class=\"s1\"><b>S\u00edguenos en Twitter<\/b>:\u00a0<a href=\"https:\/\/twitter.com\/MXFutbolTotal\"><span class=\"s2\">@MXFutbolTotal<\/span><\/a><\/span><\/p>\n","protected":false},"excerpt":{"rendered":"<p>El delantero italiano, actual figura del Toronto FC, nuevamente es vinculado con los Cementeros.<\/p>\n","protected":false},"author":20,"featured_media":471141,"comment_status":"closed","ping_status":"closed","sticky":false,"template":"","format":"standard","meta":[],"categories":[7740,3839,2198,3845,7580],"tags":[5962,3412,271,64,7806],"_links":{"self":[{"href":"http:\/\/desarrollo.grupomedios.com\/futbol\/wp-json\/wp\/v2\/posts\/471139"}],"collection":[{"href":"http:\/\/desarrollo.grupomedios.com\/futbol\/wp-json\/wp\/v2\/posts"}],"about":[{"href":"http:\/\/desarrollo.grupomedios.com\/futbol\/wp-json\/wp\/v2\/types\/post"}],"author":[{"embeddable":true,"href":"http:\/\/desarrollo.grupomedios.com\/futbol\/wp-json\/wp\/v2\/users\/20"}],"replies":[{"embeddable":true,"href":"http:\/\/desarrollo.grupomedios.com\/futbol\/wp-json\/wp\/v2\/comments?post=471139"}],"version-history":[{"count":1,"href":"http:\/\/desarrollo.grupomedios.com\/futbol\/wp-json\/wp\/v2\/posts\/471139\/revisions"}],"predecessor-version":[{"id":471145,"href":"http:\/\/desarrollo.grupomedios.com\/futbol\/wp-json\/wp\/v2\/posts\/471139\/revisions\/471145"}],"wp:featuredmedia":[{"embeddable":true,"href":"http:\/\/desarrollo.grupomedios.com\/futbol\/wp-json\/wp\/v2\/media\/471141"}],"wp:attachment":[{"href":"http:\/\/desarrollo.grupomedios.com\/futbol\/wp-json\/wp\/v2\/media?parent=471139"}],"wp:term":[{"taxonomy":"category","embeddable":true,"href":"http:\/\/desarrollo.grupomedios.com\/futbol\/wp-json\/wp\/v2\/categories?post=471139"},{"taxonomy":"post_tag","embeddable":true,"href":"http:\/\/desarrollo.grupomedios.com\/futbol\/wp-json\/wp\/v2\/tags?post=471139"}],"curies":[{"name":"wp","href":"https:\/\/api.w.org\/{rel}","templated":true}]}}