{"id":471144,"date":"2017-03-29T15:08:23","date_gmt":"2017-03-29T21:08:23","guid":{"rendered":"https:\/\/www.futboltotal.com.mx\/?p=471144"},"modified":"2017-03-29T15:08:23","modified_gmt":"2017-03-29T21:08:23","slug":"11-infame-la-fecha-fifa","status":"publish","type":"post","link":"http:\/\/desarrollo.grupomedios.com\/futbol\/destacado-home\/11-infame-la-fecha-fifa\/2017\/03","title":{"rendered":"El 11 infame de la Fecha FIFA"},"content":{"rendered":"<p>Termin\u00f3 la primera <strong>Fecha FIFA<\/strong> del 2017 y de los 16 partidos que se disputaron el martes 28 de marzo hubo algunos jugadores que tuvieron fallas terribles y estuvieron muy por debajo de su nivel. En Futbol Total los hemos incluido en el 11 infame de la segunda semana de la <strong>Fecha FIFA<\/strong> \u00bfQui\u00e9n falta o sobra en esta alineaci\u00f3n?<\/p>\n<p style=\"text-align: center;\"><a href=\"https:\/\/www.futboltotal.com.mx\/2017\/03\/como-les-fue-a-los-jugadores-de-la-liga-mx-en-fecha-fifa\/\">VER M\u00c1S: As\u00ed le fue a los 30 jugadores de laLiga MX que fueron convocados para eliminatorias<\/a><\/p>\n<p><a href=\"https:\/\/www.futboltotal.com.mx\/wp-content\/uploads\/2017\/03\/infame.jpg\"><img decoding=\"async\" loading=\"lazy\" class=\"alignnone size-full wp-image-471150\" src=\"https:\/\/www.futboltotal.com.mx\/wp-content\/uploads\/2017\/03\/infame.jpg\" alt=\"El 11 infame de la Fecha FIFA 0\" srcset=\"http:\/\/desarrollo.grupomedios.com\/futbol\/wp-content\/uploads\/2017\/03\/infame.jpg 858w, http:\/\/desarrollo.grupomedios.com\/futbol\/wp-content\/uploads\/2017\/03\/infame-213x300.jpg 213w, http:\/\/desarrollo.grupomedios.com\/futbol\/wp-content\/uploads\/2017\/03\/infame-768x1083.jpg 768w, http:\/\/desarrollo.grupomedios.com\/futbol\/wp-content\/uploads\/2017\/03\/infame-726x1024.jpg 726w\" sizes=\"(max-width: 858px) 100vw, 858px\" \/><\/a><\/p>\n<p><strong>Sergio Romero:\u00a0<\/strong>Se qued\u00f3 a media salida en el primer tanto de Bolivia y en el segundo le dio miedo el remate de Martins y se dio la medida vuelta.\u00a0Sin duda habr\u00eda parado mejor Nahuel Guzm\u00e1n.<\/p>\n<p><strong>Rolf Feltscher:\u00a0<\/strong>Contra Chile fue pr\u00e1cticamente un cono. Perdi\u00f3 la marca y estaba mal ubicado en el segundo gol y para rematar tuvo nulo aporte a la ofensiva.<\/p>\n<p><strong>Paulo Da Silva:<\/strong> El central qued\u00f3 muy mal parado en el partido ante Brasil, sobre todo en la jugada del segundo gol donde Neymar le rompi\u00f3 la cintura y en el tercer tanto para evitar el gol de Marcelo tras una genialidad de Coutinho.<\/p>\n<p><strong>Felipe Baloy:\u00a0<\/strong>Clint Dempsey lo hizo ver muy mal defensivamente y la m\u00e1xima fue en la jugada del primer gol en la que le faltaron piernas para alcanzarlo y nunca meti\u00f3 la pierna para evitar que anotara EUA.<\/p>\n<p><strong>Facundo Roncaglia:\u00a0<\/strong>Terrible partido y peor aun la desatenci\u00f3n que tuvo en el segundo tanto del partido, perdiendo una pelota que confirm\u00f3 la debacle de la <em>Albiceleste.\u00a0<\/em><\/p>\n<p><strong>Walte Ayov\u00ed:<\/strong> Aport\u00f3 muy poco en la distribuci\u00f3n de jugo ante Colombia y no pudo pesar para recuperar balones. No pudo con la marca de Juan Cuadrado y le rompieron la cintura en dos ocasiones.<\/p>\n<p><strong>Arturo Vidal: <\/strong>Le fue mal en su regreso a la Selecci\u00f3n Chilena. Fall\u00f3 un gol cantado y otro par de remates que pudieron sentenciar una aut\u00e9ntica goleada ante Venezuela.<\/p>\n<p><strong>Enzo P\u00e9rez:\u00a0<\/strong>Fue intrascendente y le sali\u00f3 caro a la <em>Albiceleste. <\/em>Muy poco peso ofensivo, sin desborde o alguna pelota de peligro para Pratto y con nula asociaci\u00f3n con Correa.<\/p>\n<p><strong>Kenwyne Jones:<\/strong> Se quiso pasar de listo e intent\u00f3 enga\u00f1ar al \u00e1rbitro con un penal inexistente ante M\u00e9xico; en el resto del partido tuvo dos ocasiones y en ninguna tuvo claridad para liquidar a Talavera.<\/p>\n<p><strong>\u00a0Alaa AL SHBBLI:\u00a0<\/strong>Este delantero sirio fall\u00f3 un gol incre\u00edble tras contrarrematar dentro del \u00e1rea chica en el partido ante Jap\u00f3n. Despu\u00e9s de su falla Siria acab\u00f3 goleada 4-0.<\/p>\n<p><strong>Lucas Pratto:<\/strong> Le quedo muy grande el sitio de <em>romperredes.<\/em> Tuvo m\u00ednima creatividad en el \u00e1rea y nunca fue un peligro para Bolivia, que siempre estuvo m\u00e1s pendiente de Di Mar\u00eda.<\/p>\n<p>&nbsp;<\/p>\n<p>&nbsp;<\/p>\n","protected":false},"excerpt":{"rendered":"<p>Estos fueron los jugadores que fallaron m\u00e1s de la cuenta en el cierre de las eliminatorias mundialistas.<\/p>\n","protected":false},"author":20,"featured_media":471151,"comment_status":"closed","ping_status":"closed","sticky":false,"template":"","format":"standard","meta":[],"categories":[5,3839],"tags":[6447,2763],"_links":{"self":[{"href":"http:\/\/desarrollo.grupomedios.com\/futbol\/wp-json\/wp\/v2\/posts\/471144"}],"collection":[{"href":"http:\/\/desarrollo.grupomedios.com\/futbol\/wp-json\/wp\/v2\/posts"}],"about":[{"href":"http:\/\/desarrollo.grupomedios.com\/futbol\/wp-json\/wp\/v2\/types\/post"}],"author":[{"embeddable":true,"href":"http:\/\/desarrollo.grupomedios.com\/futbol\/wp-json\/wp\/v2\/users\/20"}],"replies":[{"embeddable":true,"href":"http:\/\/desarrollo.grupomedios.com\/futbol\/wp-json\/wp\/v2\/comments?post=471144"}],"version-history":[{"count":1,"href":"http:\/\/desarrollo.grupomedios.com\/futbol\/wp-json\/wp\/v2\/posts\/471144\/revisions"}],"predecessor-version":[{"id":471152,"href":"http:\/\/desarrollo.grupomedios.com\/futbol\/wp-json\/wp\/v2\/posts\/471144\/revisions\/471152"}],"wp:featuredmedia":[{"embeddable":true,"href":"http:\/\/desarrollo.grupomedios.com\/futbol\/wp-json\/wp\/v2\/media\/471151"}],"wp:attachment":[{"href":"http:\/\/desarrollo.grupomedios.com\/futbol\/wp-json\/wp\/v2\/media?parent=471144"}],"wp:term":[{"taxonomy":"category","embeddable":true,"href":"http:\/\/desarrollo.grupomedios.com\/futbol\/wp-json\/wp\/v2\/categories?post=471144"},{"taxonomy":"post_tag","embeddable":true,"href":"http:\/\/desarrollo.grupomedios.com\/futbol\/wp-json\/wp\/v2\/tags?post=471144"}],"curies":[{"name":"wp","href":"https:\/\/api.w.org\/{rel}","templated":true}]}}