{"id":471164,"date":"2017-03-29T16:20:09","date_gmt":"2017-03-29T22:20:09","guid":{"rendered":"https:\/\/www.futboltotal.com.mx\/?p=471164"},"modified":"2017-03-29T16:23:57","modified_gmt":"2017-03-29T22:23:57","slug":"le-cuaron-a-schweinsteiger","status":"publish","type":"post","link":"http:\/\/desarrollo.grupomedios.com\/futbol\/videos\/le-cuaron-a-schweinsteiger\/2017\/03","title":{"rendered":"\u00a1Le hacen un Cuar\u00f3n a Schweinsteiger!"},"content":{"rendered":"<p>Este mi\u00e9rcoles 29 de marzo, <strong>Bastian Schweinsteiger<\/strong> fue anunciado oficalmente como refuerzo del <strong>Chicago Fire<\/strong> en la MLS. El futbolista caus\u00f3 sensaci\u00f3n desde su llegada a la ciudad donde trabajar\u00e1 deportivamente, hasta la conferencia donde recibi\u00f3 su nueva piel.<\/p>\n<p>En el aeropuerto de Chicago, <strong>Bastian Schweinsteiger<\/strong> fue recibido como h\u00e9roe, pues no cualquier d\u00eda llega un campe\u00f3n del mundo a suelo norteamericano.<\/p>\n<p><iframe loading=\"lazy\" src=\"https:\/\/www.youtube.com\/embed\/-d0QAhA-rq4\" frameborder=\"0\" allowfullscreen=\"allowfullscreen\"><\/iframe><\/p>\n<p>Pero el campe\u00f3n del mundo con Alemania inquiet\u00f3 tanto en Chicago que hasta la prensa se puso nerviosa, por tanto surgi\u00f3 una pregunta inveros\u00edmil, ya que cuestionaron a <strong>Bastian Schweinsteiger<\/strong> si era posible que su nuevo equipo pudiera ganar un Mundial&#8230; De selecciones.<\/p>\n<p><iframe loading=\"lazy\" src=\"https:\/\/www.youtube.com\/embed\/WRYUl7hlid0\" frameborder=\"0\" allowfullscreen=\"allowfullscreen\"><\/iframe><\/p>\n<p>El suceso con el volante germano, hace recordar lo que le pas\u00f3 a Alfonso Cuar\u00f3n en una conferencia sobre su pel\u00edcula <em>Gravity,<\/em> donde un reportero le hab\u00eda preguntado c\u00f3mo era filmar en el espacio.<\/p>\n<p><strong>S\u00edguenos en Twitter:<\/strong> <a href=\"https:\/\/twitter.com\/MXFutbolTotal\" target=\"_blank\">@MFutbolTotal<\/a><\/p>\n","protected":false},"excerpt":{"rendered":"<p>Preguntan al germano si su equipo har\u00eda una haza\u00f1a hist\u00f3rica.<\/p>\n","protected":false},"author":20,"featured_media":471165,"comment_status":"closed","ping_status":"closed","sticky":false,"template":"","format":"standard","meta":[],"categories":[5419,3839,4,6433],"tags":[5746,5460],"_links":{"self":[{"href":"http:\/\/desarrollo.grupomedios.com\/futbol\/wp-json\/wp\/v2\/posts\/471164"}],"collection":[{"href":"http:\/\/desarrollo.grupomedios.com\/futbol\/wp-json\/wp\/v2\/posts"}],"about":[{"href":"http:\/\/desarrollo.grupomedios.com\/futbol\/wp-json\/wp\/v2\/types\/post"}],"author":[{"embeddable":true,"href":"http:\/\/desarrollo.grupomedios.com\/futbol\/wp-json\/wp\/v2\/users\/20"}],"replies":[{"embeddable":true,"href":"http:\/\/desarrollo.grupomedios.com\/futbol\/wp-json\/wp\/v2\/comments?post=471164"}],"version-history":[{"count":3,"href":"http:\/\/desarrollo.grupomedios.com\/futbol\/wp-json\/wp\/v2\/posts\/471164\/revisions"}],"predecessor-version":[{"id":471168,"href":"http:\/\/desarrollo.grupomedios.com\/futbol\/wp-json\/wp\/v2\/posts\/471164\/revisions\/471168"}],"wp:featuredmedia":[{"embeddable":true,"href":"http:\/\/desarrollo.grupomedios.com\/futbol\/wp-json\/wp\/v2\/media\/471165"}],"wp:attachment":[{"href":"http:\/\/desarrollo.grupomedios.com\/futbol\/wp-json\/wp\/v2\/media?parent=471164"}],"wp:term":[{"taxonomy":"category","embeddable":true,"href":"http:\/\/desarrollo.grupomedios.com\/futbol\/wp-json\/wp\/v2\/categories?post=471164"},{"taxonomy":"post_tag","embeddable":true,"href":"http:\/\/desarrollo.grupomedios.com\/futbol\/wp-json\/wp\/v2\/tags?post=471164"}],"curies":[{"name":"wp","href":"https:\/\/api.w.org\/{rel}","templated":true}]}}