{"id":471190,"date":"2017-03-29T17:44:12","date_gmt":"2017-03-29T23:44:12","guid":{"rendered":"https:\/\/www.futboltotal.com.mx\/?p=471190"},"modified":"2017-03-29T21:25:59","modified_gmt":"2017-03-30T03:25:59","slug":"miss-bumbum-rechazo-a-cristiano-ronaldo-la-iba-a-usar-objeto","status":"publish","type":"post","link":"http:\/\/desarrollo.grupomedios.com\/futbol\/futbol-internacional\/miss-bumbum-rechazo-a-cristiano-ronaldo-la-iba-a-usar-objeto\/2017\/03","title":{"rendered":"Miss Bumbum rechaz\u00f3 a Cristiano porque la &#8220;iba a usar como objeto&#8221;"},"content":{"rendered":"<p>Justo cuando <strong>Cristiano Ronaldo<\/strong> es la burla en las redes por el curioso busto que\u00a0presentaron en el aeropuerto de Madeira que a partir de ahora lleva su nombre, tambi\u00e9n ha salido a la luz una entrevista en la que la hermosa <strong>Miss Bumbum 2016<\/strong> confes\u00f3 que el astro del <strong>Real Madrid<\/strong> la invit\u00f3 a salir, pero que cuando ella se dio cuenta de que s\u00f3lo la quer\u00eda usar &#8220;como un objeto&#8221; prefiri\u00f3 rechazarlo.<\/p>\n<p>Seg\u00fan la entrevista de la revista portuguesa TV 7 Dias, la modelo brasile\u00f1a <strong>Erika Canela<\/strong> decidi\u00f3 dar a conocer unos mensajes de whatsapp en los que el futbolista portugu\u00e9s le estuvo insistiendo para que tuvieran una cita, pero problemas con el tel\u00e9fono de la hermosa mujer as\u00ed como diferencias entre sus agendas generaron el enojo de\u00a0<em>CR7<\/em>.<\/p>\n<p>&#8220;\u00bfQuieres venir a mi casa? Quiero verte&#8221;, fue uno de los primeros mensajes del luso, agregando despu\u00e9s:\u00a0&#8220;Vivo junto a ti. Podemos descansar juntos&#8221;, aprovechando que la bella mujer estaba en Portugal debido a su participaci\u00f3n en un <em>reality show<\/em>.<\/p>\n<p style=\"text-align: center;\"><a href=\"https:\/\/www.futboltotal.com.mx\/2017\/03\/costa-rica-exploto-contra-femexfut-por-maltrato-a-ticos\/\">VER M\u00c1S: \u00a1Costa Rica explot\u00f3 contra la Femexfut por &#8216;maltrato&#8217; a ticos!<\/a><\/p>\n<p>Las fallas en el tel\u00e9fono de Erika causaron que ella respondiera hasta el otro d\u00eda con un emoji de coraz\u00f3n, a lo que Cristiano insisti\u00f3 en que tuvieran un encuentro<\/p>\n<p>&#8220;En la ma\u00f1ana dijo que sent\u00eda haberse quedado dormido y pregunt\u00f3 si quer\u00eda ir a conocer su casa. Le expliqu\u00e9 que ten\u00eda un avi\u00f3n que abordar pero me dijo que tratara de cambiarlo. Dijo que le encantar\u00eda conocerme. Fui al aeropuerto, logr\u00e9 cambiar mi vuelo y hablamos de nuevo&#8221;, agreg\u00f3 la Miss Bumbum 2016.<\/p>\n<p style=\"text-align: center;\"><a href=\"https:\/\/www.futboltotal.com.mx\/2017\/03\/profe-cruz-pide-se-convoque-a-rafa-marquez-al-tri\/\">VER M\u00c1S: Profe Cruz pide que no se convoque a Rafa M\u00e1rquez al Tri<\/a><\/p>\n<p>&#8220;Me demor\u00e9. No pude acceder a mi m\u00f3vil porque no estaba funcionando correctamente, pero despu\u00e9s lo hice&#8230; En el auto habl\u00e9 con \u00e9l y estaba irritado. Fue un poco rudo conmigo y no me gust\u00f3. Me dijo que tenia poco tiempo por otros compromisos.<\/p>\n<p>&#8220;Le dije: &#8216;No soy una mujer de 15 minutos o media hora&#8217;. Y regresamos a mi hotel. Me hubiera encantado salir con \u00e9l pero me iba a usar como un objeto&#8221;, a\u00f1adi\u00f3 la brasile\u00f1a.<\/p>\n<p style=\"text-align: center;\"><a href=\"https:\/\/www.futboltotal.com.mx\/2017\/03\/hector-mancilla-deja-ascenso-mx-se-queda-sin-equipo\/\">VER M\u00c1S: H\u00e9ctor Mancilla deja el Ascenso MX y se queda sin equipo<\/a><\/p>\n<blockquote class=\"instagram-media\" style=\"background: #FFF; border: 0; border-radius: 3px; box-shadow: 0 0 1px 0 rgba(0,0,0,0.5),0 1px 10px 0 rgba(0,0,0,0.15); margin: 1px; max-width: 658px; padding: 0; width: calc(100% - 2px);\" data-instgrm-captioned=\"\" data-instgrm-version=\"7\">\n<div style=\"padding: 8px;\">\n<div style=\"background: #F8F8F8; line-height: 0; margin-top: 40px; padding: 62.48534583821805% 0; text-align: center; width: 100%;\"><\/div>\n<p style=\"margin: 8px 0 0 0; padding: 0 4px;\"><a style=\"color: #000; font-family: Arial,sans-serif; font-size: 14px; font-style: normal; font-weight: normal; line-height: 17px; text-decoration: none; word-wrap: break-word;\" href=\"https:\/\/www.instagram.com\/p\/BQBekVmj4LK\/\" target=\"_blank\">Me respeita! Respeita \u00e0 minha cor! A minha cren\u00e7a! As minhas origens! A minha ra\u00e7a! Me respeita mo\u00e7o! Eu vim p ficar e se fosse poss\u00edvel eu renasceria negra novamente!<\/a><\/p>\n<p style=\"color: #c9c8cd; font-family: Arial,sans-serif; font-size: 14px; line-height: 17px; margin-bottom: 0; margin-top: 8px; overflow: hidden; padding: 8px 0 7px; text-align: center; text-overflow: ellipsis; white-space: nowrap;\">Una publicaci\u00f3n compartida de Miss bumbum Brasil 2016 (@erikacanella) el <time style=\"font-family: Arial,sans-serif; font-size: 14px; line-height: 17px;\" datetime=\"2017-02-02T20:44:54+00:00\">2 de Feb de 2017 a la(s) 12:44 PST<\/time><\/p>\n<\/div>\n<\/blockquote>\n<p><script async defer src=\"\/\/platform.instagram.com\/en_US\/embeds.js\"><\/script><\/p>\n","protected":false},"excerpt":{"rendered":"<p>La modelo brasile\u00f1a Erika Canela decidi\u00f3 dar a conocer unos mensajes de whatsapp con CR7.<\/p>\n","protected":false},"author":20,"featured_media":471191,"comment_status":"closed","ping_status":"closed","sticky":false,"template":"","format":"standard","meta":[],"categories":[5419,3839],"tags":[739,1496,6013,8413,5927,8412,5988,1504],"_links":{"self":[{"href":"http:\/\/desarrollo.grupomedios.com\/futbol\/wp-json\/wp\/v2\/posts\/471190"}],"collection":[{"href":"http:\/\/desarrollo.grupomedios.com\/futbol\/wp-json\/wp\/v2\/posts"}],"about":[{"href":"http:\/\/desarrollo.grupomedios.com\/futbol\/wp-json\/wp\/v2\/types\/post"}],"author":[{"embeddable":true,"href":"http:\/\/desarrollo.grupomedios.com\/futbol\/wp-json\/wp\/v2\/users\/20"}],"replies":[{"embeddable":true,"href":"http:\/\/desarrollo.grupomedios.com\/futbol\/wp-json\/wp\/v2\/comments?post=471190"}],"version-history":[{"count":2,"href":"http:\/\/desarrollo.grupomedios.com\/futbol\/wp-json\/wp\/v2\/posts\/471190\/revisions"}],"predecessor-version":[{"id":471240,"href":"http:\/\/desarrollo.grupomedios.com\/futbol\/wp-json\/wp\/v2\/posts\/471190\/revisions\/471240"}],"wp:featuredmedia":[{"embeddable":true,"href":"http:\/\/desarrollo.grupomedios.com\/futbol\/wp-json\/wp\/v2\/media\/471191"}],"wp:attachment":[{"href":"http:\/\/desarrollo.grupomedios.com\/futbol\/wp-json\/wp\/v2\/media?parent=471190"}],"wp:term":[{"taxonomy":"category","embeddable":true,"href":"http:\/\/desarrollo.grupomedios.com\/futbol\/wp-json\/wp\/v2\/categories?post=471190"},{"taxonomy":"post_tag","embeddable":true,"href":"http:\/\/desarrollo.grupomedios.com\/futbol\/wp-json\/wp\/v2\/tags?post=471190"}],"curies":[{"name":"wp","href":"https:\/\/api.w.org\/{rel}","templated":true}]}}