{"id":471196,"date":"2017-03-29T17:51:18","date_gmt":"2017-03-29T23:51:18","guid":{"rendered":"https:\/\/www.futboltotal.com.mx\/?p=471196"},"modified":"2017-03-29T17:51:18","modified_gmt":"2017-03-29T23:51:18","slug":"aficionada-delira-messi-nahuel-guzman","status":"publish","type":"post","link":"http:\/\/desarrollo.grupomedios.com\/futbol\/futbol-mexicano\/aficionada-delira-messi-nahuel-guzman\/2017\/03","title":{"rendered":"Aficionada delira con Messi y Nahuel Guzm\u00e1n"},"content":{"rendered":"<p>Una aficionada argentina de<strong> Newell&#8217;s Old Boys<\/strong> se encuentra en el hospital anestesiada, aunque a\u00fan se desconoce el motivo, mientras la chica estaba inconsciente comenz\u00f3 a delirar con el ac\u00e9rrimo rival, Central, el cu\u00e1l quedaba campe\u00f3n.<\/p>\n<p>Pero eso no fue todo, pues sus padres comenzaron a preguntarle si extra\u00f1aba a <strong>Nahuel Guzm\u00e1n,<\/strong> a lo que respondi\u00f3 que s\u00ed, casi al borde de las lagrimas, pero su padre trat\u00f3 de calmarla al decirle que jugaba en M\u00e9xico.<\/p>\n<p style=\"text-align: center;\"><span style=\"color: #3366ff;\"><a style=\"color: #3366ff;\" href=\"https:\/\/www.futboltotal.com.mx\/2017\/03\/11-ideal-del-cierre-de-fecha-fifa\/\" target=\"_blank\">LEER M\u00c1S: \u00a1El 11 ideal del cierre de fecha FIFA!<\/a><\/span><\/p>\n<p>Despu\u00e9s le preguntaron si le gustar\u00eda que <strong>Messi<\/strong> regresara a Newell&#8217;s y no dud\u00f3 ni un segundo en decir que s\u00ed, que le gustar\u00eda ver a Nahuel, Messi e Icardi de nuevo en el conjunto rojinegro, pero solo si Central se iba a la B.<\/p>\n<p>Aqu\u00ed te dejamos el video para que veas como esta chica pese a su enfermedad sigue amando el futbol.<\/p>\n<p><iframe loading=\"lazy\" src=\"https:\/\/www.youtube.com\/embed\/0ug9CxLA40U\" frameborder=\"0\" allowfullscreen=\"allowfullscreen\"><\/iframe><\/p>\n","protected":false},"excerpt":{"rendered":"<p>La joven se encontraba bajo los efectos de la anestesia.<\/p>\n","protected":false},"author":20,"featured_media":471198,"comment_status":"closed","ping_status":"closed","sticky":false,"template":"","format":"standard","meta":[],"categories":[5419,3839,2198,3845],"tags":[248,6129],"_links":{"self":[{"href":"http:\/\/desarrollo.grupomedios.com\/futbol\/wp-json\/wp\/v2\/posts\/471196"}],"collection":[{"href":"http:\/\/desarrollo.grupomedios.com\/futbol\/wp-json\/wp\/v2\/posts"}],"about":[{"href":"http:\/\/desarrollo.grupomedios.com\/futbol\/wp-json\/wp\/v2\/types\/post"}],"author":[{"embeddable":true,"href":"http:\/\/desarrollo.grupomedios.com\/futbol\/wp-json\/wp\/v2\/users\/20"}],"replies":[{"embeddable":true,"href":"http:\/\/desarrollo.grupomedios.com\/futbol\/wp-json\/wp\/v2\/comments?post=471196"}],"version-history":[{"count":1,"href":"http:\/\/desarrollo.grupomedios.com\/futbol\/wp-json\/wp\/v2\/posts\/471196\/revisions"}],"predecessor-version":[{"id":471199,"href":"http:\/\/desarrollo.grupomedios.com\/futbol\/wp-json\/wp\/v2\/posts\/471196\/revisions\/471199"}],"wp:featuredmedia":[{"embeddable":true,"href":"http:\/\/desarrollo.grupomedios.com\/futbol\/wp-json\/wp\/v2\/media\/471198"}],"wp:attachment":[{"href":"http:\/\/desarrollo.grupomedios.com\/futbol\/wp-json\/wp\/v2\/media?parent=471196"}],"wp:term":[{"taxonomy":"category","embeddable":true,"href":"http:\/\/desarrollo.grupomedios.com\/futbol\/wp-json\/wp\/v2\/categories?post=471196"},{"taxonomy":"post_tag","embeddable":true,"href":"http:\/\/desarrollo.grupomedios.com\/futbol\/wp-json\/wp\/v2\/tags?post=471196"}],"curies":[{"name":"wp","href":"https:\/\/api.w.org\/{rel}","templated":true}]}}