{"id":471257,"date":"2017-03-30T10:19:47","date_gmt":"2017-03-30T16:19:47","guid":{"rendered":"https:\/\/www.futboltotal.com.mx\/?p=471257"},"modified":"2017-03-30T10:20:10","modified_gmt":"2017-03-30T16:20:10","slug":"rafael-marquez-una-lesion","status":"publish","type":"post","link":"http:\/\/desarrollo.grupomedios.com\/futbol\/destacado-home\/rafael-marquez-una-lesion\/2017\/03","title":{"rendered":"Rafa M\u00e1rquez podr\u00eda perderse la Copa Confederaciones"},"content":{"rendered":"<p>El capit\u00e1n de la Selecci\u00f3n Mexicana, <strong>Rafael M\u00e1rquez<\/strong>, podr\u00eda perderse la Copa Confederaciones que se disputar\u00e1 del 17 de junio al 2 de julio pr\u00f3ximo, debido a una lesi\u00f3n en la espalda que padece desde hace tiempo y que le oblig\u00f3 a perderse el partido de eliminatoria mundialista ante Costa Rica, de la cuarta jornada del Hexagonal Final.<\/p>\n<p>De acuerdo con un informe del diario <em>Cancha<\/em>, el defensa central\u00a0viajar\u00e1 este jueves a Houston para someterse a pruebas m\u00e9dicas y recibir un &#8220;diagn\u00f3stico inicial&#8221; de la fuerte lesi\u00f3n. &#8220;Rafa tiene un da\u00f1o en la quinta v\u00e9rtebra lumbar de la columna&#8221;, publica el diario este jueves citando una fuente cercana al club.<\/p>\n<p style=\"text-align: center;\"><a href=\"https:\/\/www.futboltotal.com.mx\/futbol-mexicano\/seleccion-mexicana\/\"><span style=\"color: #3366ff;\">VER M\u00c1S: Todas las noticias de Selecci\u00f3n Mexicana<\/span><\/a><\/p>\n<p>El padecimiento de <strong>Rafa<\/strong> va m\u00e1s all\u00e1 de la lumbalgia que dieron a conocer tanto el Atlas como la Selecci\u00f3n Nacional en d\u00edas pasados. &#8220;El dolor ya no le permit\u00eda sentarse o estar de pie por mucho tiempo&#8230; mediante una resonancia se dieron cuenta del a\u00f1o en la quinta v\u00e9rtebra&#8221;, agrega la publicaci\u00f3n este jueves.<\/p>\n<p><strong>Rafa<\/strong>, quien cumplir\u00e1 39 a\u00f1os en febrero de 2018,\u00a0tiene esta lesi\u00f3n desde 2016 y si ha evitado el quir\u00f3fano y sigue jugando es gracias a que ha controlado los dolores con\u00a0tratamiento o inyecciones. De hecho, el diario apunta que tarde o temprano el michoacano tendr\u00e1 que pasar por el quir\u00f3fano, ya sea ahora o tras su retiro en 2018. Si decide operarse ahora, podr\u00eda volver a jugar hasta finales del Apertura 2017.<\/p>\n<p>Con una lesi\u00f3n de tal magnitud, <strong>Rafa M\u00e1rquez<\/strong> no tiene garantizado poder disputar la Copa Confederaciones 2017 en Rusia o incluso la Copa Oro, dependiendo el torneo al que decida llevarlo Juan Carlos Osorio, DT de la Selecci\u00f3n Mexicana.<\/p>\n<p><strong>S\u00edguenos en Twitter<\/strong>: <a href=\"https:\/\/twitter.com\/MXFutbolTotal\" target=\"_blank\">@MXFutbolTotal<\/a><\/p>\n<p>&nbsp;<\/p>\n<p>&nbsp;<\/p>\n","protected":false},"excerpt":{"rendered":"<p>El defensa central, de 38 a\u00f1os, tiene una lesi\u00f3n en la quinta vertebra lumbar.<\/p>\n","protected":false},"author":20,"featured_media":471269,"comment_status":"closed","ping_status":"closed","sticky":false,"template":"","format":"standard","meta":[],"categories":[5,3847],"tags":[4358],"_links":{"self":[{"href":"http:\/\/desarrollo.grupomedios.com\/futbol\/wp-json\/wp\/v2\/posts\/471257"}],"collection":[{"href":"http:\/\/desarrollo.grupomedios.com\/futbol\/wp-json\/wp\/v2\/posts"}],"about":[{"href":"http:\/\/desarrollo.grupomedios.com\/futbol\/wp-json\/wp\/v2\/types\/post"}],"author":[{"embeddable":true,"href":"http:\/\/desarrollo.grupomedios.com\/futbol\/wp-json\/wp\/v2\/users\/20"}],"replies":[{"embeddable":true,"href":"http:\/\/desarrollo.grupomedios.com\/futbol\/wp-json\/wp\/v2\/comments?post=471257"}],"version-history":[{"count":1,"href":"http:\/\/desarrollo.grupomedios.com\/futbol\/wp-json\/wp\/v2\/posts\/471257\/revisions"}],"predecessor-version":[{"id":471271,"href":"http:\/\/desarrollo.grupomedios.com\/futbol\/wp-json\/wp\/v2\/posts\/471257\/revisions\/471271"}],"wp:featuredmedia":[{"embeddable":true,"href":"http:\/\/desarrollo.grupomedios.com\/futbol\/wp-json\/wp\/v2\/media\/471269"}],"wp:attachment":[{"href":"http:\/\/desarrollo.grupomedios.com\/futbol\/wp-json\/wp\/v2\/media?parent=471257"}],"wp:term":[{"taxonomy":"category","embeddable":true,"href":"http:\/\/desarrollo.grupomedios.com\/futbol\/wp-json\/wp\/v2\/categories?post=471257"},{"taxonomy":"post_tag","embeddable":true,"href":"http:\/\/desarrollo.grupomedios.com\/futbol\/wp-json\/wp\/v2\/tags?post=471257"}],"curies":[{"name":"wp","href":"https:\/\/api.w.org\/{rel}","templated":true}]}}