{"id":471274,"date":"2017-03-30T10:42:37","date_gmt":"2017-03-30T16:42:37","guid":{"rendered":"https:\/\/www.futboltotal.com.mx\/?p=471274"},"modified":"2017-03-30T10:42:37","modified_gmt":"2017-03-30T16:42:37","slug":"florentino-respondio-a-pique-defendio-valores-del-madrid","status":"publish","type":"post","link":"http:\/\/desarrollo.grupomedios.com\/futbol\/futbol-internacional\/florentino-respondio-a-pique-defendio-valores-del-madrid\/2017\/03","title":{"rendered":"Florentino respondi\u00f3 a Piqu\u00e9 y defendi\u00f3 valores del Madrid"},"content":{"rendered":"<p>Florentino P\u00e9rez, presidente del <strong>Real Madrid<\/strong>, afirm\u00f3 este jueves, durante la presentaci\u00f3n del acuerdo entre el club blanco y Telef\u00f3nica, que los valores de la entidad madridista est\u00e1n basados en la &#8220;humildad&#8221; y en el &#8220;respeto&#8221;.<\/p>\n<p>En su alocuci\u00f3n previa a la firma del acuerdo de patrocinio en el que la empresa espa\u00f1ola se convertir\u00e1 en un socio tecnol\u00f3gico para el Real Madrid, el dirigente blanco resalt\u00f3 cu\u00e1les son los valores del <strong>Real Madrid<\/strong> dos d\u00edas despu\u00e9s de que el defensa del Barcelona<a href=\"https:\/\/www.futboltotal.com.mx\/2017\/03\/del-madrid-me-gustan-sus-jugadores-la-gente-del-palco-pique\/\" target=\"_blank\"> Gerard Piqu\u00e9 dijera que \u00e9stos no le gustan<\/a>.<\/p>\n<p style=\"text-align: center;\"><span style=\"color: #3366ff;\"><a style=\"color: #3366ff;\" href=\"https:\/\/www.futboltotal.com.mx\/2017\/03\/lazos-sangre-hermanos-jugaron-en-mismo-club\/\">LEER M\u00c1S: Lazos de sangre: Hermanos que jugaron en el mismo club<\/a><\/span><\/p>\n<blockquote><p>&#8220;Nuestro equipo es admirado por haber conseguido una historia de retos. Nuestro club es respetado por los principios que forman el ADN de su camiseta y escudo, valores que representan y en los que est\u00e1n basada la leyenda del madridismo: esp\u00edritu de superaci\u00f3n, el no rendirse nunca, humildad, respeto y la convicci\u00f3n de que una victoria para el siguiente triunfo&#8221;.<\/p><\/blockquote>\n<p>Asimismo, declar\u00f3 que el estadio Santiago Bernab\u00e9u es un territorio de &#8220;emociones y sentimientos&#8221; en el que s\u00f3lo importan los valores deportivos, la entrega, la pasi\u00f3n y, sobre todo, &#8220;la pelota&#8221;.<\/p>\n<blockquote><p>&#8220;Los amantes del f\u00fatbol vamos a asistir en las pr\u00f3ximas semanas a un desenlace de la temporada espectacular. Despu\u00e9s de conquistar Copa de Europa y mundial clubes, los madridistas afrontamos con ilusi\u00f3n lo que queda por venir&#8221;, agreg\u00f3.<\/p><\/blockquote>\n<p>P\u00e9rez destac\u00f3 que el primer equipo del<strong> Real Madrid<\/strong> sue\u00f1a con lograr la Copa de Europa y la Liga, mientras que la secci\u00f3n de baloncesto aspira tambi\u00e9n a conseguir un nuevo t\u00edtulo continental y el torneo de la regularidad. EFE<\/p>\n","protected":false},"excerpt":{"rendered":"<p>Florentino dej\u00f3 en claro cu\u00e1les son los valores del Real Madrid.<\/p>\n","protected":false},"author":144,"featured_media":459629,"comment_status":"closed","ping_status":"closed","sticky":false,"template":"","format":"standard","meta":[],"categories":[3839],"tags":[491,6015,5988],"_links":{"self":[{"href":"http:\/\/desarrollo.grupomedios.com\/futbol\/wp-json\/wp\/v2\/posts\/471274"}],"collection":[{"href":"http:\/\/desarrollo.grupomedios.com\/futbol\/wp-json\/wp\/v2\/posts"}],"about":[{"href":"http:\/\/desarrollo.grupomedios.com\/futbol\/wp-json\/wp\/v2\/types\/post"}],"author":[{"embeddable":true,"href":"http:\/\/desarrollo.grupomedios.com\/futbol\/wp-json\/wp\/v2\/users\/144"}],"replies":[{"embeddable":true,"href":"http:\/\/desarrollo.grupomedios.com\/futbol\/wp-json\/wp\/v2\/comments?post=471274"}],"version-history":[{"count":1,"href":"http:\/\/desarrollo.grupomedios.com\/futbol\/wp-json\/wp\/v2\/posts\/471274\/revisions"}],"predecessor-version":[{"id":471276,"href":"http:\/\/desarrollo.grupomedios.com\/futbol\/wp-json\/wp\/v2\/posts\/471274\/revisions\/471276"}],"wp:featuredmedia":[{"embeddable":true,"href":"http:\/\/desarrollo.grupomedios.com\/futbol\/wp-json\/wp\/v2\/media\/459629"}],"wp:attachment":[{"href":"http:\/\/desarrollo.grupomedios.com\/futbol\/wp-json\/wp\/v2\/media?parent=471274"}],"wp:term":[{"taxonomy":"category","embeddable":true,"href":"http:\/\/desarrollo.grupomedios.com\/futbol\/wp-json\/wp\/v2\/categories?post=471274"},{"taxonomy":"post_tag","embeddable":true,"href":"http:\/\/desarrollo.grupomedios.com\/futbol\/wp-json\/wp\/v2\/tags?post=471274"}],"curies":[{"name":"wp","href":"https:\/\/api.w.org\/{rel}","templated":true}]}}