{"id":471278,"date":"2017-03-30T11:06:50","date_gmt":"2017-03-30T17:06:50","guid":{"rendered":"https:\/\/www.futboltotal.com.mx\/?p=471278"},"modified":"2017-03-30T11:06:50","modified_gmt":"2017-03-30T17:06:50","slug":"reportero-victima-video-gemidos-en-plena-conferencia","status":"publish","type":"post","link":"http:\/\/desarrollo.grupomedios.com\/futbol\/futbol-internacional\/reportero-victima-video-gemidos-en-plena-conferencia\/2017\/03","title":{"rendered":"Un reportero es v\u00edctima de video de gemidos en plena conferencia"},"content":{"rendered":"<p>Ya se est\u00e1 convirtiendo en un cl\u00e1sico la broma en audio o video en la que de repente comienzan a escucharse fuertes gemidos, con el riesgo de que la persona que sea la v\u00edctima pueda estar acompa\u00f1ada de otras personas, lo que le har\u00eda pasar un momento bochornoso.<\/p>\n<p>As\u00ed fue como le pas\u00f3 a un reportero deportivo en Chile, esta vez en plena conferencia de prensa otorgada por la <strong>U de Chile<\/strong>, uno de los equipos m\u00e1s importantes del pa\u00eds andino.<\/p>\n<p>Mientras se encontraba al micr\u00f3fono el jugador <strong>Gustavo Lorenzetti<\/strong>, uno de los reporteros decidi\u00f3 abrir su tel\u00e9fono m\u00f3vil y reproducir un video, en el que de repente se escucharon los ya comunes gemidos, generando las burlas de todos los presentes, incluso la risa del futbolista quien adem\u00e1s asegur\u00f3: &#8220;Cosas que pasan&#8230; a todos nos pas\u00f3 eso&#8221;.<\/p>\n<p><iframe loading=\"lazy\" src=\"https:\/\/www.youtube.com\/embed\/ubW71DSf9D8\" frameborder=\"0\" allowfullscreen=\"allowfullscreen\"><\/iframe><\/p>\n<p class=\"p1\"><span class=\"s1\"><b>S\u00edguenos en Twitter<\/b>:\u00a0<a href=\"https:\/\/twitter.com\/MXFutbolTotal\"><span class=\"s2\">@MXFutbolTotal<\/span><\/a><\/span><\/p>\n","protected":false},"excerpt":{"rendered":"<p>El periodista deportivo sufri\u00f3 la ya cl\u00e1sica broma en plena conferencia de prensa de la U de Chile.<\/p>\n","protected":false},"author":20,"featured_media":471281,"comment_status":"closed","ping_status":"closed","sticky":false,"template":"","format":"standard","meta":[],"categories":[5419,3839],"tags":[8418,8419,376],"_links":{"self":[{"href":"http:\/\/desarrollo.grupomedios.com\/futbol\/wp-json\/wp\/v2\/posts\/471278"}],"collection":[{"href":"http:\/\/desarrollo.grupomedios.com\/futbol\/wp-json\/wp\/v2\/posts"}],"about":[{"href":"http:\/\/desarrollo.grupomedios.com\/futbol\/wp-json\/wp\/v2\/types\/post"}],"author":[{"embeddable":true,"href":"http:\/\/desarrollo.grupomedios.com\/futbol\/wp-json\/wp\/v2\/users\/20"}],"replies":[{"embeddable":true,"href":"http:\/\/desarrollo.grupomedios.com\/futbol\/wp-json\/wp\/v2\/comments?post=471278"}],"version-history":[{"count":1,"href":"http:\/\/desarrollo.grupomedios.com\/futbol\/wp-json\/wp\/v2\/posts\/471278\/revisions"}],"predecessor-version":[{"id":471282,"href":"http:\/\/desarrollo.grupomedios.com\/futbol\/wp-json\/wp\/v2\/posts\/471278\/revisions\/471282"}],"wp:featuredmedia":[{"embeddable":true,"href":"http:\/\/desarrollo.grupomedios.com\/futbol\/wp-json\/wp\/v2\/media\/471281"}],"wp:attachment":[{"href":"http:\/\/desarrollo.grupomedios.com\/futbol\/wp-json\/wp\/v2\/media?parent=471278"}],"wp:term":[{"taxonomy":"category","embeddable":true,"href":"http:\/\/desarrollo.grupomedios.com\/futbol\/wp-json\/wp\/v2\/categories?post=471278"},{"taxonomy":"post_tag","embeddable":true,"href":"http:\/\/desarrollo.grupomedios.com\/futbol\/wp-json\/wp\/v2\/tags?post=471278"}],"curies":[{"name":"wp","href":"https:\/\/api.w.org\/{rel}","templated":true}]}}