{"id":471280,"date":"2017-03-30T11:20:23","date_gmt":"2017-03-30T17:20:23","guid":{"rendered":"https:\/\/www.futboltotal.com.mx\/?p=471280"},"modified":"2017-03-30T11:26:37","modified_gmt":"2017-03-30T17:26:37","slug":"diego-novaretti-suspendido-siete-partidos","status":"publish","type":"post","link":"http:\/\/desarrollo.grupomedios.com\/futbol\/destacado-home\/diego-novaretti-suspendido-siete-partidos\/2017\/03","title":{"rendered":"\u00a1Diego Novaretti suspendido siete partidos!"},"content":{"rendered":"<p>La\u00a0Comisi\u00f3n Disciplinaria anunci\u00f3 este jueves que el defensa central del Le\u00f3n, <strong>Diego Novaretti<\/strong>, fue sancionado con siete partidos por haber empujado al \u00e1rbitro Rosendo Mendoza durante el partido amistoso ante Santos, disputado la semana pasada en el Estadio Toyota Park.<\/p>\n<p>A trav\u00e9s de un comunicado, el organismo confirm\u00f3 la sanci\u00f3n al zaguero argentino y adem\u00e1s anunci\u00f3 que tambi\u00e9n deber\u00e1 pagar una multa econ\u00f3mica de 37 mil 745 pesos.<\/p>\n<p style=\"text-align: center;\"><span style=\"color: #3366ff;\">VER M\u00c1S: Todas las noticias de futbol internacional<\/span><\/p>\n<p><iframe loading=\"lazy\" src=\"https:\/\/www.youtube.com\/embed\/jJYuetrW_j0?ecver=1\" frameborder=\"0\" allowfullscreen=\"allowfullscreen\"><\/iframe><\/p>\n<p style=\"text-align: left;\"><strong>Novaretti\u00a0<\/strong>cumplir\u00e1 esta sanci\u00f3n al pie de la letra, toda vez que el presidente del club esmeralda,\u00a0<strong>Jes\u00fas Mart\u00ednez Murgu\u00eda<\/strong>, asegur\u00f3 este mi\u00e9rcoles que no apelar\u00edan el castigo. &#8220;Se equivoc\u00f3 y una acci\u00f3n como estas debe ser sancionada&#8221;, dijo a<em> ESPN.<\/em><\/p>\n<p style=\"text-align: left;\">De esta forma, <strong>Diego Novaretti<\/strong> se perder\u00e1 lo resta del torneo Clausura 2017, salvo que el Le\u00f3n consiga dejar el fondo de la Tabla General y meterse a Liguilla; de ser as\u00ed entonces podr\u00eda llegar al duelo de Vuelta de Cuartos de Final. En caso contrario, se perder\u00e1 la primera jornada del pr\u00f3ximo Apertura 2017. El argentino tampoco podr\u00e1 tener actividad con las categor\u00edas \u00a0inferiores.<\/p>\n<p>Esta es la segunda sanci\u00f3n que recibe Diego Novaretti en el presente torneo, pues a principios del semestre fue inhabilitado ocho partidos por haber escupido al delantero de Pachuca, Hirving Lozano.<\/p>\n<p><strong>S\u00edguenos en Twitter<\/strong>: <a href=\"https:\/\/twitter.com\/MXFutbolTotal\" target=\"_blank\">@MXFutbolTotal<\/a><\/p>\n","protected":false},"excerpt":{"rendered":"<p>El defensa se pierde el resto del Clausura 2017 por empujado a un \u00e1rbitro en un amistoso ante Santos. <\/p>\n","protected":false},"author":20,"featured_media":470391,"comment_status":"closed","ping_status":"closed","sticky":false,"template":"","format":"standard","meta":[],"categories":[5,2198,3845],"tags":[1728,5965],"_links":{"self":[{"href":"http:\/\/desarrollo.grupomedios.com\/futbol\/wp-json\/wp\/v2\/posts\/471280"}],"collection":[{"href":"http:\/\/desarrollo.grupomedios.com\/futbol\/wp-json\/wp\/v2\/posts"}],"about":[{"href":"http:\/\/desarrollo.grupomedios.com\/futbol\/wp-json\/wp\/v2\/types\/post"}],"author":[{"embeddable":true,"href":"http:\/\/desarrollo.grupomedios.com\/futbol\/wp-json\/wp\/v2\/users\/20"}],"replies":[{"embeddable":true,"href":"http:\/\/desarrollo.grupomedios.com\/futbol\/wp-json\/wp\/v2\/comments?post=471280"}],"version-history":[{"count":4,"href":"http:\/\/desarrollo.grupomedios.com\/futbol\/wp-json\/wp\/v2\/posts\/471280\/revisions"}],"predecessor-version":[{"id":471289,"href":"http:\/\/desarrollo.grupomedios.com\/futbol\/wp-json\/wp\/v2\/posts\/471280\/revisions\/471289"}],"wp:featuredmedia":[{"embeddable":true,"href":"http:\/\/desarrollo.grupomedios.com\/futbol\/wp-json\/wp\/v2\/media\/470391"}],"wp:attachment":[{"href":"http:\/\/desarrollo.grupomedios.com\/futbol\/wp-json\/wp\/v2\/media?parent=471280"}],"wp:term":[{"taxonomy":"category","embeddable":true,"href":"http:\/\/desarrollo.grupomedios.com\/futbol\/wp-json\/wp\/v2\/categories?post=471280"},{"taxonomy":"post_tag","embeddable":true,"href":"http:\/\/desarrollo.grupomedios.com\/futbol\/wp-json\/wp\/v2\/tags?post=471280"}],"curies":[{"name":"wp","href":"https:\/\/api.w.org\/{rel}","templated":true}]}}