{"id":471373,"date":"2017-03-30T19:31:25","date_gmt":"2017-03-31T01:31:25","guid":{"rendered":"https:\/\/www.futboltotal.com.mx\/?p=471373"},"modified":"2017-03-30T19:31:25","modified_gmt":"2017-03-31T01:31:25","slug":"pizarro-pide-se-sancione-a-los-arbitros","status":"publish","type":"post","link":"http:\/\/desarrollo.grupomedios.com\/futbol\/futbol-mexicano\/pizarro-pide-se-sancione-a-los-arbitros\/2017\/03","title":{"rendered":"Pizarro pide que se sancione a los \u00e1rbitros"},"content":{"rendered":"<p>El mediocampista de Tigres, <strong>Guido Pizarro<\/strong>, pide que se sancione de igual manera para todos, pues hay muchos \u00e1rbitros que se equivocan cada semana y no se les castiga por errores que llegan a influir en el resultado.<\/p>\n<blockquote><p>\u201cLas sanciones tienen que ser justas para todos tanto nosotros nos equivocamos como ellos, entonces tienen que ser dudas las sanciones para todos\u201d, coment\u00f3 <strong>Pizarro.<\/strong><\/p><\/blockquote>\n<p><strong>Guido<\/strong> coment\u00f3 que hay muchos acercamientos o intercambios de palabras que son entendidos por los \u00e1rbitros, pero que las personas que toman las decisiones son los que han sancionado a muchos sin necesidad de que sea considerada as\u00ed.<\/p>\n<p style=\"text-align: center;\"><a href=\"https:\/\/www.futboltotal.com.mx\/2017\/03\/a-clubes-liga-mx-les-cayo-mejor-la-fecha-fifa\/\" target=\"_blank\">LEER M\u00c1S: \u00bfA qu\u00e9 clubes de Liga MX les cay\u00f3 mejor la Fecha FIFA?<\/a><\/p>\n<blockquote><p>\u201cCon el \u00e1rbitro, que es el que imparte justicia hay un l\u00edmite que es el respeto, hay varios \u00e1rbitros en el futbol mexicano que entienden de esto, que se les puede parar y se les pueda tocar y no es una agresi\u00f3n, pero despu\u00e9s est\u00e1n los que toman la decisi\u00f3n\u201d, declar\u00f3 el argentino.<\/p><\/blockquote>\n<p>S\u00edguenos en Twitter: <a href=\"https:\/\/twitter.com\/MXFutbolTotal\" target=\"_blank\">@MXFutbolTotal<\/a><\/p>\n","protected":false},"excerpt":{"rendered":"<p>El mediocampista pide que se juzgue a todos del mismo modo. <\/p>\n","protected":false},"author":20,"featured_media":471374,"comment_status":"closed","ping_status":"closed","sticky":false,"template":"","format":"standard","meta":[],"categories":[2198,3845],"tags":[3991,5973],"_links":{"self":[{"href":"http:\/\/desarrollo.grupomedios.com\/futbol\/wp-json\/wp\/v2\/posts\/471373"}],"collection":[{"href":"http:\/\/desarrollo.grupomedios.com\/futbol\/wp-json\/wp\/v2\/posts"}],"about":[{"href":"http:\/\/desarrollo.grupomedios.com\/futbol\/wp-json\/wp\/v2\/types\/post"}],"author":[{"embeddable":true,"href":"http:\/\/desarrollo.grupomedios.com\/futbol\/wp-json\/wp\/v2\/users\/20"}],"replies":[{"embeddable":true,"href":"http:\/\/desarrollo.grupomedios.com\/futbol\/wp-json\/wp\/v2\/comments?post=471373"}],"version-history":[{"count":1,"href":"http:\/\/desarrollo.grupomedios.com\/futbol\/wp-json\/wp\/v2\/posts\/471373\/revisions"}],"predecessor-version":[{"id":471375,"href":"http:\/\/desarrollo.grupomedios.com\/futbol\/wp-json\/wp\/v2\/posts\/471373\/revisions\/471375"}],"wp:featuredmedia":[{"embeddable":true,"href":"http:\/\/desarrollo.grupomedios.com\/futbol\/wp-json\/wp\/v2\/media\/471374"}],"wp:attachment":[{"href":"http:\/\/desarrollo.grupomedios.com\/futbol\/wp-json\/wp\/v2\/media?parent=471373"}],"wp:term":[{"taxonomy":"category","embeddable":true,"href":"http:\/\/desarrollo.grupomedios.com\/futbol\/wp-json\/wp\/v2\/categories?post=471373"},{"taxonomy":"post_tag","embeddable":true,"href":"http:\/\/desarrollo.grupomedios.com\/futbol\/wp-json\/wp\/v2\/tags?post=471373"}],"curies":[{"name":"wp","href":"https:\/\/api.w.org\/{rel}","templated":true}]}}