{"id":471380,"date":"2017-03-30T20:17:16","date_gmt":"2017-03-31T02:17:16","guid":{"rendered":"https:\/\/www.futboltotal.com.mx\/?p=471380"},"modified":"2017-03-30T20:17:16","modified_gmt":"2017-03-31T02:17:16","slug":"ni-presidente-asegurada-continuidad-en-leon","status":"publish","type":"post","link":"http:\/\/desarrollo.grupomedios.com\/futbol\/futbol-mexicano\/ni-presidente-asegurada-continuidad-en-leon\/2017\/03","title":{"rendered":"Ni el presidente tiene asegurada su continuidad en Le\u00f3n"},"content":{"rendered":"<p>En <strong>Le\u00f3n<\/strong> las cosas no andan de la mejor forma y es que el torneo que ha tenido el conjunto <em>Esmeralda<\/em> ha sido terrible, pus solo suman seis unidades de 30 posibles, lo que los tiene en la \u00faltima posici\u00f3n de la Liga Mx.<\/p>\n<p><strong>Jes\u00fas Mart\u00ednez Jr<\/strong>, asegur\u00f3 que en el conjunto de<strong> Le\u00f3n<\/strong> nadie tiene segura su continuidad, ni siquiera \u00e9l, pues el equipo ha tenido un paso lamentable en lo que va del torneo bajo el mando de Torrente.<\/p>\n<p style=\"text-align: center;\"><a href=\"https:\/\/www.futboltotal.com.mx\/2017\/03\/diego-novaretti-suspendido-siete-partidos\/\" target=\"_blank\">LEER M\u00c1S: \u00a1Diego Novaretti suspendido siete partidos!<\/a><\/p>\n<blockquote><p>&#8220;No solo los jugadores, el cuerpo t\u00e9cnico y la directiva, todos estamos transferibles porque hemos tenido un mal torneo hasta el momento. Nos quedan siete fechas, en las cuales se definir\u00e1 el futuro de todos nosotros, me incluyo\u201d, declar\u00f3 en una entrevista para <em>Mediotiempo.<\/em><\/p><\/blockquote>\n<p>El presidente asegur\u00f3 que el principal responsable de que el equipo ande mal es \u00e9l, pues el decidi\u00f3 como se planeaba el equipo para este torneo y no ha funcionado de la mejor manera.<\/p>\n<blockquote><p>\u201cYo soy el m\u00e1ximo responsable de esto, soy el presidente, yo plane\u00e9 a este equipo, puse al director t\u00e9cnico y a los jugadores, as\u00ed que yo tambi\u00e9n tengo que darle cuentas a mi padre, que es el que me puso en este puesto&#8221;. coment\u00f3 <strong>Jes\u00fas Mart\u00ednez.<\/strong><\/p><\/blockquote>\n<p>S\u00edguenos en Twitter: <a href=\"https:\/\/twitter.com\/MXFutbolTotal\" target=\"_blank\">@MXFutbolTotal<\/a><\/p>\n","protected":false},"excerpt":{"rendered":"<p>Jes\u00fas Mart\u00ednez Jr, coment\u00f3 que \u00e9l es responsable del mal andar del equipo.<\/p>\n","protected":false},"author":20,"featured_media":471381,"comment_status":"closed","ping_status":"closed","sticky":false,"template":"","format":"standard","meta":[],"categories":[2198,3845],"tags":[5965],"_links":{"self":[{"href":"http:\/\/desarrollo.grupomedios.com\/futbol\/wp-json\/wp\/v2\/posts\/471380"}],"collection":[{"href":"http:\/\/desarrollo.grupomedios.com\/futbol\/wp-json\/wp\/v2\/posts"}],"about":[{"href":"http:\/\/desarrollo.grupomedios.com\/futbol\/wp-json\/wp\/v2\/types\/post"}],"author":[{"embeddable":true,"href":"http:\/\/desarrollo.grupomedios.com\/futbol\/wp-json\/wp\/v2\/users\/20"}],"replies":[{"embeddable":true,"href":"http:\/\/desarrollo.grupomedios.com\/futbol\/wp-json\/wp\/v2\/comments?post=471380"}],"version-history":[{"count":1,"href":"http:\/\/desarrollo.grupomedios.com\/futbol\/wp-json\/wp\/v2\/posts\/471380\/revisions"}],"predecessor-version":[{"id":471382,"href":"http:\/\/desarrollo.grupomedios.com\/futbol\/wp-json\/wp\/v2\/posts\/471380\/revisions\/471382"}],"wp:featuredmedia":[{"embeddable":true,"href":"http:\/\/desarrollo.grupomedios.com\/futbol\/wp-json\/wp\/v2\/media\/471381"}],"wp:attachment":[{"href":"http:\/\/desarrollo.grupomedios.com\/futbol\/wp-json\/wp\/v2\/media?parent=471380"}],"wp:term":[{"taxonomy":"category","embeddable":true,"href":"http:\/\/desarrollo.grupomedios.com\/futbol\/wp-json\/wp\/v2\/categories?post=471380"},{"taxonomy":"post_tag","embeddable":true,"href":"http:\/\/desarrollo.grupomedios.com\/futbol\/wp-json\/wp\/v2\/tags?post=471380"}],"curies":[{"name":"wp","href":"https:\/\/api.w.org\/{rel}","templated":true}]}}