{"id":471383,"date":"2017-03-30T20:30:46","date_gmt":"2017-03-31T02:30:46","guid":{"rendered":"https:\/\/www.futboltotal.com.mx\/?p=471383"},"modified":"2017-03-30T20:32:55","modified_gmt":"2017-03-31T02:32:55","slug":"juan-carlos-osorio-quiere-a-rafa-marquez-muchos-anos","status":"publish","type":"post","link":"http:\/\/desarrollo.grupomedios.com\/futbol\/destacado-home\/juan-carlos-osorio-quiere-a-rafa-marquez-muchos-anos\/2017\/03","title":{"rendered":"Juan Carlos Osorio quiere a Rafa M\u00e1rquez por muchos a\u00f1os m\u00e1s"},"content":{"rendered":"<p>El colombiano <strong>Juan Carlos Osorio<\/strong>, t\u00e9cnico de la selecci\u00f3n mexicana, declar\u00f3 este jueves que pretende alargar el mayor tiempo posible la carrera del veterano <strong>Rafael M\u00e1rquez,<\/strong> defensa y capit\u00e1n del Tricolor, quiz\u00e1s hasta su quinta Copa del Mundo en Rusia 2018.<\/p>\n<blockquote><p>&#8220;De <strong>Rafael<\/strong> creemos que la manera como estamos gestionando su remate de carrera deportiva implica que no solamente le midamos los minutos de juego en la competencia sino tambi\u00e9n en los entrenamientos&#8221;, dijo <strong>Osorio<\/strong> en conferencia de prensa.<\/p><\/blockquote>\n<p>El estado de salud de <strong>M\u00e1rquez,<\/strong> de 38 a\u00f1os y cuatro veces mundialista, fue uno de los temas que toc\u00f3 el estratega durante la presentaci\u00f3n del trofeo de la Copa Confederaciones en las instalaciones de la Federaci\u00f3n Mexicana de F\u00fatbol, en la ciudad de Toluca, a 70 kil\u00f3metros de la Ciudad de M\u00e9xico.<\/p>\n<p style=\"text-align: center;\"><a href=\"https:\/\/www.futboltotal.com.mx\/2017\/03\/eliminatorias-concacaf-hexagonal-mundial-2026\/\" target=\"_blank\">LEER M\u00c1S: \u00a1Concacaf eliminar\u00eda el Hexagonal para Mundial de 2026!<\/a><\/p>\n<p>Record\u00f3 que los dos \u00faltimos partidos de la eliminatoria mundialista de la Concacaf rumbo a Rusia 2018, ante Costa Rica y Trinidad y Tobago, el zaguero no asisti\u00f3 por una lesi\u00f3n en la espalda.<\/p>\n<blockquote><p>&#8220;En esta \u00faltima convocatoria desafortunadamente <strong>Rafael<\/strong> tuvo este problema y no pudo estar, pero creemos que estamos aprendiendo de ese proceso y vamos a tratar alargar lo m\u00e1s que podamos o ayudarlo a alargar su carrera profesional&#8221;, a\u00f1adi\u00f3.<\/p><\/blockquote>\n<p>S\u00edguenos en Twitter: <a href=\"https:\/\/twitter.com\/MXFutbolTotal\" target=\"_blank\">@MXFutbolTotal<\/a><\/p>\n","protected":false},"excerpt":{"rendered":"<p>El estratega del TRI quiere alargar la carrera del capit\u00e1n.<\/p>\n","protected":false},"author":144,"featured_media":471386,"comment_status":"closed","ping_status":"closed","sticky":false,"template":"","format":"standard","meta":[],"categories":[5,2198,3847],"tags":[6196,8197,6255],"_links":{"self":[{"href":"http:\/\/desarrollo.grupomedios.com\/futbol\/wp-json\/wp\/v2\/posts\/471383"}],"collection":[{"href":"http:\/\/desarrollo.grupomedios.com\/futbol\/wp-json\/wp\/v2\/posts"}],"about":[{"href":"http:\/\/desarrollo.grupomedios.com\/futbol\/wp-json\/wp\/v2\/types\/post"}],"author":[{"embeddable":true,"href":"http:\/\/desarrollo.grupomedios.com\/futbol\/wp-json\/wp\/v2\/users\/144"}],"replies":[{"embeddable":true,"href":"http:\/\/desarrollo.grupomedios.com\/futbol\/wp-json\/wp\/v2\/comments?post=471383"}],"version-history":[{"count":1,"href":"http:\/\/desarrollo.grupomedios.com\/futbol\/wp-json\/wp\/v2\/posts\/471383\/revisions"}],"predecessor-version":[{"id":471387,"href":"http:\/\/desarrollo.grupomedios.com\/futbol\/wp-json\/wp\/v2\/posts\/471383\/revisions\/471387"}],"wp:featuredmedia":[{"embeddable":true,"href":"http:\/\/desarrollo.grupomedios.com\/futbol\/wp-json\/wp\/v2\/media\/471386"}],"wp:attachment":[{"href":"http:\/\/desarrollo.grupomedios.com\/futbol\/wp-json\/wp\/v2\/media?parent=471383"}],"wp:term":[{"taxonomy":"category","embeddable":true,"href":"http:\/\/desarrollo.grupomedios.com\/futbol\/wp-json\/wp\/v2\/categories?post=471383"},{"taxonomy":"post_tag","embeddable":true,"href":"http:\/\/desarrollo.grupomedios.com\/futbol\/wp-json\/wp\/v2\/tags?post=471383"}],"curies":[{"name":"wp","href":"https:\/\/api.w.org\/{rel}","templated":true}]}}