{"id":471418,"date":"2017-03-31T10:56:24","date_gmt":"2017-03-31T16:56:24","guid":{"rendered":"https:\/\/www.futboltotal.com.mx\/?p=471418"},"modified":"2017-03-31T10:56:24","modified_gmt":"2017-03-31T16:56:24","slug":"adidas-lanza-los-turbocharge-x16-purechaos","status":"publish","type":"post","link":"http:\/\/desarrollo.grupomedios.com\/futbol\/cambio-de-juego\/adidas-lanza-los-turbocharge-x16-purechaos\/2017\/03","title":{"rendered":"Adidas lanza los Turbocharge X16+ Purechaos"},"content":{"rendered":"<p>Adidas Football present\u00f3 los nuevos Turbocharge X16+ Purechaos \u2013 el \u00faltimo producto de la colecci\u00f3n Turbocharge \u2013 que ser\u00e1n utilizados en la cancha por algunos de los futbolistas m\u00e1s grandes de adidas, incluyendo a Gareth Bale, Thomas M\u00fcller y Luis Su\u00e1rez.<\/p>\n<p>Los Turbocharge X16+ Purechaos estar\u00e1n disponibles en un impactante color verde de doble tono y estaran disponibles en tres formas.<\/p>\n<p>El modelo Estadio, que cuenta con un nuevo sistema de media PURECUT, que esconde los cordones bajo una capa superior. Dise\u00f1ado para brindar un ajuste \u00f3ptimo, el material altamente el\u00e1stico ayuda a bloquear el pie en su lugar, a la vez que se ajusta a los movimientos m\u00e1s complejos.<\/p>\n<p style=\"text-align: center;\"><span style=\"color: #3366ff;\"><a style=\"color: #3366ff;\" href=\"https:\/\/www.futboltotal.com.mx\/2017\/03\/toluca-apelo-caso-triverio-ante-tas\/\">LEER M\u00c1S: Toluca apel\u00f3 caso de Triverio ante el TAS<\/a><\/span><\/p>\n<p>Adem\u00e1s, est\u00e1 protegida por una pel\u00edcula Non Stop Grip (NSG) ultra delgada para ofrecer niveles de agarre aumentados. La bota tambi\u00e9n presenta un revestimiento para el calcet\u00edn SPRINTFRAME, resultando en mayor energ\u00eda que las suelas medias convencionales y en niveles de confort inigualables, para crear estabilidad durante los cambios de direcci\u00f3n a alta velocidad.<\/p>\n<p>Los de Jaula estar\u00e1n presentando el mismo doble tono en verde que los tacos para la cancha, pero con un acabado de goma utilizado en la suela exterior.<\/p>\n<p>Para Calle los nuevos zapatos cuentan con la tecnolog\u00eda BOOST de adidas. La suela BOOST est\u00e1 hecha de poliuretano termopl\u00e1stico (TPU), que entrega un retorno de energ\u00eda sin rivales con cada paso.<\/p>\n<p><a href=\"https:\/\/www.futboltotal.com.mx\/wp-content\/uploads\/2017\/03\/adidas-turbocharge-3.jpg\"><img decoding=\"async\" loading=\"lazy\" class=\"alignnone size-full wp-image-471420\" src=\"https:\/\/www.futboltotal.com.mx\/wp-content\/uploads\/2017\/03\/adidas-turbocharge-3.jpg\" alt=\"Adidas lanza los Turbocharge X16+ Purechaos 0\" srcset=\"http:\/\/desarrollo.grupomedios.com\/futbol\/wp-content\/uploads\/2017\/03\/adidas-turbocharge-3.jpg 1136w, http:\/\/desarrollo.grupomedios.com\/futbol\/wp-content\/uploads\/2017\/03\/adidas-turbocharge-3-300x169.jpg 300w, http:\/\/desarrollo.grupomedios.com\/futbol\/wp-content\/uploads\/2017\/03\/adidas-turbocharge-3-768x432.jpg 768w, http:\/\/desarrollo.grupomedios.com\/futbol\/wp-content\/uploads\/2017\/03\/adidas-turbocharge-3-1024x576.jpg 1024w, http:\/\/desarrollo.grupomedios.com\/futbol\/wp-content\/uploads\/2017\/03\/adidas-turbocharge-3-317x178.jpg 317w, http:\/\/desarrollo.grupomedios.com\/futbol\/wp-content\/uploads\/2017\/03\/adidas-turbocharge-3-535x301.jpg 535w, http:\/\/desarrollo.grupomedios.com\/futbol\/wp-content\/uploads\/2017\/03\/adidas-turbocharge-3-374x210.jpg 374w\" sizes=\"(max-width: 1136px) 100vw, 1136px\" \/><\/a> <a href=\"https:\/\/www.futboltotal.com.mx\/wp-content\/uploads\/2017\/03\/adidas-turbocharge-2.jpg\"><img decoding=\"async\" loading=\"lazy\" class=\"alignnone size-full wp-image-471421\" src=\"https:\/\/www.futboltotal.com.mx\/wp-content\/uploads\/2017\/03\/adidas-turbocharge-2.jpg\" alt=\"Adidas lanza los Turbocharge X16+ Purechaos 1\" srcset=\"http:\/\/desarrollo.grupomedios.com\/futbol\/wp-content\/uploads\/2017\/03\/adidas-turbocharge-2.jpg 1136w, http:\/\/desarrollo.grupomedios.com\/futbol\/wp-content\/uploads\/2017\/03\/adidas-turbocharge-2-300x169.jpg 300w, http:\/\/desarrollo.grupomedios.com\/futbol\/wp-content\/uploads\/2017\/03\/adidas-turbocharge-2-768x432.jpg 768w, http:\/\/desarrollo.grupomedios.com\/futbol\/wp-content\/uploads\/2017\/03\/adidas-turbocharge-2-1024x576.jpg 1024w, http:\/\/desarrollo.grupomedios.com\/futbol\/wp-content\/uploads\/2017\/03\/adidas-turbocharge-2-317x178.jpg 317w, http:\/\/desarrollo.grupomedios.com\/futbol\/wp-content\/uploads\/2017\/03\/adidas-turbocharge-2-535x301.jpg 535w, http:\/\/desarrollo.grupomedios.com\/futbol\/wp-content\/uploads\/2017\/03\/adidas-turbocharge-2-374x210.jpg 374w\" sizes=\"(max-width: 1136px) 100vw, 1136px\" \/><\/a> <a href=\"https:\/\/www.futboltotal.com.mx\/wp-content\/uploads\/2017\/03\/adidas-turbo-charge.jpg\"><img decoding=\"async\" loading=\"lazy\" class=\"alignnone size-full wp-image-471419\" src=\"https:\/\/www.futboltotal.com.mx\/wp-content\/uploads\/2017\/03\/adidas-turbo-charge.jpg\" alt=\"Adidas lanza los Turbocharge X16+ Purechaos 2\" srcset=\"http:\/\/desarrollo.grupomedios.com\/futbol\/wp-content\/uploads\/2017\/03\/adidas-turbo-charge.jpg 1136w, http:\/\/desarrollo.grupomedios.com\/futbol\/wp-content\/uploads\/2017\/03\/adidas-turbo-charge-300x169.jpg 300w, http:\/\/desarrollo.grupomedios.com\/futbol\/wp-content\/uploads\/2017\/03\/adidas-turbo-charge-768x432.jpg 768w, http:\/\/desarrollo.grupomedios.com\/futbol\/wp-content\/uploads\/2017\/03\/adidas-turbo-charge-1024x576.jpg 1024w, http:\/\/desarrollo.grupomedios.com\/futbol\/wp-content\/uploads\/2017\/03\/adidas-turbo-charge-317x178.jpg 317w, http:\/\/desarrollo.grupomedios.com\/futbol\/wp-content\/uploads\/2017\/03\/adidas-turbo-charge-535x301.jpg 535w, http:\/\/desarrollo.grupomedios.com\/futbol\/wp-content\/uploads\/2017\/03\/adidas-turbo-charge-374x210.jpg 374w\" sizes=\"(max-width: 1136px) 100vw, 1136px\" \/><\/a><\/p>\n<p>&nbsp;<\/p>\n<p>&nbsp;<\/p>\n","protected":false},"excerpt":{"rendered":"<p>Gareth Bale, Thomas M\u00fcller y Luis Su\u00e1rez estrenar\u00e1n los zapatos.<\/p>\n","protected":false},"author":20,"featured_media":471419,"comment_status":"closed","ping_status":"closed","sticky":false,"template":"","format":"standard","meta":[],"categories":[5419],"tags":[1560],"_links":{"self":[{"href":"http:\/\/desarrollo.grupomedios.com\/futbol\/wp-json\/wp\/v2\/posts\/471418"}],"collection":[{"href":"http:\/\/desarrollo.grupomedios.com\/futbol\/wp-json\/wp\/v2\/posts"}],"about":[{"href":"http:\/\/desarrollo.grupomedios.com\/futbol\/wp-json\/wp\/v2\/types\/post"}],"author":[{"embeddable":true,"href":"http:\/\/desarrollo.grupomedios.com\/futbol\/wp-json\/wp\/v2\/users\/20"}],"replies":[{"embeddable":true,"href":"http:\/\/desarrollo.grupomedios.com\/futbol\/wp-json\/wp\/v2\/comments?post=471418"}],"version-history":[{"count":1,"href":"http:\/\/desarrollo.grupomedios.com\/futbol\/wp-json\/wp\/v2\/posts\/471418\/revisions"}],"predecessor-version":[{"id":471422,"href":"http:\/\/desarrollo.grupomedios.com\/futbol\/wp-json\/wp\/v2\/posts\/471418\/revisions\/471422"}],"wp:featuredmedia":[{"embeddable":true,"href":"http:\/\/desarrollo.grupomedios.com\/futbol\/wp-json\/wp\/v2\/media\/471419"}],"wp:attachment":[{"href":"http:\/\/desarrollo.grupomedios.com\/futbol\/wp-json\/wp\/v2\/media?parent=471418"}],"wp:term":[{"taxonomy":"category","embeddable":true,"href":"http:\/\/desarrollo.grupomedios.com\/futbol\/wp-json\/wp\/v2\/categories?post=471418"},{"taxonomy":"post_tag","embeddable":true,"href":"http:\/\/desarrollo.grupomedios.com\/futbol\/wp-json\/wp\/v2\/tags?post=471418"}],"curies":[{"name":"wp","href":"https:\/\/api.w.org\/{rel}","templated":true}]}}