{"id":471431,"date":"2017-03-31T12:56:53","date_gmt":"2017-03-31T18:56:53","guid":{"rendered":"https:\/\/www.futboltotal.com.mx\/?p=471431"},"modified":"2017-03-31T12:56:53","modified_gmt":"2017-03-31T18:56:53","slug":"clubes-griegos-se-pelean-tener-a-pedro-arce","status":"publish","type":"post","link":"http:\/\/desarrollo.grupomedios.com\/futbol\/futbol-internacional\/mexicanos-en-europa\/clubes-griegos-se-pelean-tener-a-pedro-arce\/2017\/03","title":{"rendered":"Clubes griegos se pelean por tener a Pedro Arce"},"content":{"rendered":"<p>El futbolista mexicano, <strong>Pedro Arce<\/strong>, lleva tres temporadas jugando para el Veria, siempre a un gran nivel y tal parece que est\u00e1 viviendo sus \u00faltimos d\u00edas en el club griego.<\/p>\n<p class=\"p1\"><span class=\"s1\">Despu\u00e9s de grandes actuaciones para el equipo hel\u00e9nico, el mediocampista est\u00e1 listo para cambiar de aires, tal vez para buscar a un club con mayores ambiciones o incluso para venir a M\u00e9xico: &#8220;Mi prioridad es quedarme en Europa. En <span class=\"s2\">M\u00e9xico <\/span>tambi\u00e9n est\u00e1n saliendo algunas cosas, al final voy a escoger lo mejor para m\u00ed y mi familia&#8221; asegur\u00f3 <strong>Pedro Arce<\/strong> en una entrevista con Marca Claro.<\/span><\/p>\n<p class=\"p1\" style=\"text-align: center;\"><span style=\"color: #0000ff;\">LEER M\u00c1S:<a style=\"color: #0000ff;\" href=\"https:\/\/www.futboltotal.com.mx\/2017\/03\/portugal-esta-observando-a-francisco-acuna\/\"> Portugal est\u00e1 observando a Francisco Acu\u00f1a<\/a><\/span><\/p>\n<p class=\"p1\">Despu\u00e9s de 25 jornadas, el club de Arce marcha \u00faltimo en la tabla general, al tener 16 puntos. Esa ser\u00eda una de las principales razones para que el <strong>Pedro Arce<\/strong>\u00a0busca nuevas opciones,\u00a0<span class=\"s1\">&#8220;tengo un par de opciones que me gustan y con el tiempo igual salen un par de m\u00e1s&#8221;.\u00a0<\/span><\/p>\n<p class=\"p1\"><strong>Pedro Arce<\/strong>, de 25 a\u00f1os, se compara con Andr\u00e9s Iniesta, pues\u00a0&#8220;Juega en mi posici\u00f3n y siempre me he fijado en \u00e9l&#8221;.<\/p>\n<p class=\"p1\">As\u00ed juega el joven futbolista mexicano:<\/p>\n<blockquote class=\"twitter-video\" data-lang=\"es\">\n<p dir=\"ltr\" lang=\"en\">Skills! <a href=\"https:\/\/twitter.com\/hashtag\/Arce?src=hash\">#Arce<\/a> #15 <a href=\"https:\/\/t.co\/0H7LMzmFq9\">pic.twitter.com\/0H7LMzmFq9<\/a><\/p>\n<p>\u2014 Pedro Arce Latapi (@parcelatapi) <a href=\"https:\/\/twitter.com\/parcelatapi\/status\/747182231102308352\">26 de junio de 2016<\/a><\/p><\/blockquote>\n<p><script async src=\"\/\/platform.twitter.com\/widgets.js\" charset=\"utf-8\"><\/script><\/p>\n<p><span style=\"color: #800000;\">S\u00edguenos en Twitter: <a href=\"https:\/\/twitter.com\/MXFutbolTotal\">@MXFutbolTotal<\/a><\/span><\/p>\n","protected":false},"excerpt":{"rendered":"<p>El equipo del mexicano marcha \u00faltimo lugar de la Liga Griega.<\/p>\n","protected":false},"author":155,"featured_media":471434,"comment_status":"closed","ping_status":"closed","sticky":false,"template":"","format":"standard","meta":[],"categories":[7740,6718],"tags":[2652,4545,2650],"_links":{"self":[{"href":"http:\/\/desarrollo.grupomedios.com\/futbol\/wp-json\/wp\/v2\/posts\/471431"}],"collection":[{"href":"http:\/\/desarrollo.grupomedios.com\/futbol\/wp-json\/wp\/v2\/posts"}],"about":[{"href":"http:\/\/desarrollo.grupomedios.com\/futbol\/wp-json\/wp\/v2\/types\/post"}],"author":[{"embeddable":true,"href":"http:\/\/desarrollo.grupomedios.com\/futbol\/wp-json\/wp\/v2\/users\/155"}],"replies":[{"embeddable":true,"href":"http:\/\/desarrollo.grupomedios.com\/futbol\/wp-json\/wp\/v2\/comments?post=471431"}],"version-history":[{"count":1,"href":"http:\/\/desarrollo.grupomedios.com\/futbol\/wp-json\/wp\/v2\/posts\/471431\/revisions"}],"predecessor-version":[{"id":471435,"href":"http:\/\/desarrollo.grupomedios.com\/futbol\/wp-json\/wp\/v2\/posts\/471431\/revisions\/471435"}],"wp:featuredmedia":[{"embeddable":true,"href":"http:\/\/desarrollo.grupomedios.com\/futbol\/wp-json\/wp\/v2\/media\/471434"}],"wp:attachment":[{"href":"http:\/\/desarrollo.grupomedios.com\/futbol\/wp-json\/wp\/v2\/media?parent=471431"}],"wp:term":[{"taxonomy":"category","embeddable":true,"href":"http:\/\/desarrollo.grupomedios.com\/futbol\/wp-json\/wp\/v2\/categories?post=471431"},{"taxonomy":"post_tag","embeddable":true,"href":"http:\/\/desarrollo.grupomedios.com\/futbol\/wp-json\/wp\/v2\/tags?post=471431"}],"curies":[{"name":"wp","href":"https:\/\/api.w.org\/{rel}","templated":true}]}}