{"id":471462,"date":"2017-03-31T16:36:25","date_gmt":"2017-03-31T22:36:25","guid":{"rendered":"https:\/\/www.futboltotal.com.mx\/?p=471462"},"modified":"2017-03-31T16:38:54","modified_gmt":"2017-03-31T22:38:54","slug":"papa-marco-fabian-se-llevara-a-dos-mexicanos-europa","status":"publish","type":"post","link":"http:\/\/desarrollo.grupomedios.com\/futbol\/futbol-mexicano\/papa-marco-fabian-se-llevara-a-dos-mexicanos-europa\/2017\/03","title":{"rendered":"Pap\u00e1 de Marco Fabi\u00e1n llevar\u00e1 a dos mexicanos para Europa"},"content":{"rendered":"<p>El pap\u00e1 de <strong>Marco Fabi\u00e1n de la Mora<\/strong>, <strong>Marco Antonio Fabi\u00e1n<\/strong>, revel\u00f3 en una entrevista que tiene contactos con el Eintrach Frankfurt, equipo donde juega su hijo, as\u00ed que promete que habr\u00e1 pronto dos mexicanos m\u00e1s en el equipo de la Bundesliga.<\/p>\n<p>\u201cYo traigo el scouting del Eintracht Frankfurt, yo puedo llevar a cualquier jugador mexicano al equipo de mi hijo&#8221;, presumi\u00f3 el progenitor de <strong>Marco Fabi\u00e1n<\/strong> entrevista con la cadena <em>Fox Sports<\/em>.<\/p>\n<p><strong>Marco Antonio Fabi\u00e1n<\/strong> no quiso nombrar a los dos jugadores que se llevar\u00e1 al equipo germano; no obstante s\u00ed dio algunas pistas de quienes podr\u00edan ser; algunos podr\u00edan pensar en futbolistas de Chivas, como Javier L\u00f3pez, o hasta en Hirving Lozano.<\/p>\n<p style=\"text-align: center;\"><span style=\"color: #3366ff;\"><a style=\"color: #3366ff;\" href=\"https:\/\/www.futboltotal.com.mx\/2017\/03\/omar-gato-ortiz-fue-herido-en-penal\/\" target=\"_blank\"><strong>LEER M\u00c1S: Omar el Gato Ort\u00edz s\u00ed habr\u00eda resultado herido en mot\u00edn<\/strong><\/a><\/span><\/p>\n<p>&#8220;Tenemos a dos jugadores vistos. Los dos son ofensivos y est\u00e1n en un club mexicano; uno es un jugador joven de 18 a\u00f1os y otro que ya est\u00e1 consolid\u00e1ndose en la Primera Divisi\u00f3n\u201d, explic\u00f3.<\/p>\n<p>S\u00edguenos en Twitter: <a href=\"https:\/\/twitter.com\/MXFutbolTotal\" target=\"_blank\">@MXFutbolTotal<\/a><\/p>\n","protected":false},"excerpt":{"rendered":"<p>El progenitor del volante del Eintracht presume tener contactos en el cuadro de su hijo.<\/p>\n","protected":false},"author":20,"featured_media":471463,"comment_status":"closed","ping_status":"closed","sticky":false,"template":"","format":"standard","meta":[],"categories":[2198,3845],"tags":[3588,6214,131],"_links":{"self":[{"href":"http:\/\/desarrollo.grupomedios.com\/futbol\/wp-json\/wp\/v2\/posts\/471462"}],"collection":[{"href":"http:\/\/desarrollo.grupomedios.com\/futbol\/wp-json\/wp\/v2\/posts"}],"about":[{"href":"http:\/\/desarrollo.grupomedios.com\/futbol\/wp-json\/wp\/v2\/types\/post"}],"author":[{"embeddable":true,"href":"http:\/\/desarrollo.grupomedios.com\/futbol\/wp-json\/wp\/v2\/users\/20"}],"replies":[{"embeddable":true,"href":"http:\/\/desarrollo.grupomedios.com\/futbol\/wp-json\/wp\/v2\/comments?post=471462"}],"version-history":[{"count":2,"href":"http:\/\/desarrollo.grupomedios.com\/futbol\/wp-json\/wp\/v2\/posts\/471462\/revisions"}],"predecessor-version":[{"id":471465,"href":"http:\/\/desarrollo.grupomedios.com\/futbol\/wp-json\/wp\/v2\/posts\/471462\/revisions\/471465"}],"wp:featuredmedia":[{"embeddable":true,"href":"http:\/\/desarrollo.grupomedios.com\/futbol\/wp-json\/wp\/v2\/media\/471463"}],"wp:attachment":[{"href":"http:\/\/desarrollo.grupomedios.com\/futbol\/wp-json\/wp\/v2\/media?parent=471462"}],"wp:term":[{"taxonomy":"category","embeddable":true,"href":"http:\/\/desarrollo.grupomedios.com\/futbol\/wp-json\/wp\/v2\/categories?post=471462"},{"taxonomy":"post_tag","embeddable":true,"href":"http:\/\/desarrollo.grupomedios.com\/futbol\/wp-json\/wp\/v2\/tags?post=471462"}],"curies":[{"name":"wp","href":"https:\/\/api.w.org\/{rel}","templated":true}]}}