{"id":471539,"date":"2017-04-01T10:46:48","date_gmt":"2017-04-01T16:46:48","guid":{"rendered":"https:\/\/www.futboltotal.com.mx\/?p=471539"},"modified":"2017-04-01T10:46:48","modified_gmt":"2017-04-01T16:46:48","slug":"jonathan-dos-santos-villarreal-se-alejan-champions-league","status":"publish","type":"post","link":"http:\/\/desarrollo.grupomedios.com\/futbol\/destacado-home\/jonathan-dos-santos-villarreal-se-alejan-champions-league\/2017\/04","title":{"rendered":"Jonathan dos Santos y Villarreal, se alejan de Champions League"},"content":{"rendered":"<p>En el arranque de la jornada 28 de la Liga de Espa\u00f1a, <strong>Villarreal<\/strong> tropez\u00f3 en casa por marcador de 2-3 ante el Eibar, por lo que cay\u00f3 al quinto puesto de la clasificaci\u00f3n, lo que aleja al <em>Submarino Amarillo<\/em> de la posibilidad de competir en la Champions League.<\/p>\n<p><strong>Jonathan dos Santos<\/strong> jug\u00f3 31 minutos del partido, tras haber ingresado como relevo en la segunda mitad, pero no pudo evitar que su equipo perdiera, en duelo que iban ganando hasta la finalizaci\u00f3n de la primera mitad.<\/p>\n<p style=\"text-align: center;\"><span style=\"color: #3366ff;\"><a style=\"color: #3366ff;\" href=\"https:\/\/www.futboltotal.com.mx\/2017\/04\/zidane-responde-polemicas-declaraciones-de-pique\/\" target=\"_blank\"><strong>LEER M\u00c1S: Zidane responde a comentarios de Piqu\u00e9<\/strong><\/a><\/span><\/p>\n<p style=\"text-align: center;\"><a href=\"https:\/\/www.futboltotal.com.mx\/wp-content\/uploads\/2017\/04\/villarreal-vs-eibar.jpg\"><img decoding=\"async\" loading=\"lazy\" class=\"alignnone size-full wp-image-471540\" src=\"https:\/\/www.futboltotal.com.mx\/wp-content\/uploads\/2017\/04\/villarreal-vs-eibar.jpg\" alt=\"Jonathan dos Santos y Villarreal, se alejan de Champions League 0\" srcset=\"http:\/\/desarrollo.grupomedios.com\/futbol\/wp-content\/uploads\/2017\/04\/villarreal-vs-eibar.jpg 1136w, http:\/\/desarrollo.grupomedios.com\/futbol\/wp-content\/uploads\/2017\/04\/villarreal-vs-eibar-300x169.jpg 300w, http:\/\/desarrollo.grupomedios.com\/futbol\/wp-content\/uploads\/2017\/04\/villarreal-vs-eibar-768x432.jpg 768w, http:\/\/desarrollo.grupomedios.com\/futbol\/wp-content\/uploads\/2017\/04\/villarreal-vs-eibar-1024x576.jpg 1024w, http:\/\/desarrollo.grupomedios.com\/futbol\/wp-content\/uploads\/2017\/04\/villarreal-vs-eibar-317x178.jpg 317w, http:\/\/desarrollo.grupomedios.com\/futbol\/wp-content\/uploads\/2017\/04\/villarreal-vs-eibar-535x301.jpg 535w, http:\/\/desarrollo.grupomedios.com\/futbol\/wp-content\/uploads\/2017\/04\/villarreal-vs-eibar-374x210.jpg 374w\" sizes=\"(max-width: 1136px) 100vw, 1136px\" \/><\/a><\/p>\n<p><span style=\"color: #ff0000;\">Resultados jornada 28, al momento:<\/span><br \/>\n<strong>Viernes<\/strong><br \/>\nEspanyol 2 &#8211; Betis 1<br \/>\n<strong>S\u00e1bado<\/strong><br \/>\nVillarreal 2 &#8211; Eibar 3<br \/>\nOsasuna 1 &#8211; Athletic Bilbao 2<br \/>\nReal Sociedad &#8211; Legan\u00e9s 18.30<br \/>\nM\u00e1laga &#8211; Atl\u00e9tico Madrid 20.45<br \/>\n<strong>Domingo<\/strong><br \/>\nSevilla &#8211; Sporting Gij\u00f3n 12.00<br \/>\nReal Madrid &#8211; Alav\u00e9s 16.15<br \/>\nValencia &#8211; Deportivo 18.30<br \/>\nGranada &#8211; Barcelona 20.45<br \/>\n<strong>Lunes<\/strong><br \/>\nCelta &#8211; Las Palmas 20.45<br \/>\n*Horario Local<\/p>\n<p><span style=\"color: #ff0000;\">Pos. Equipo | PTS<\/span><br \/>\n===========================<br \/>\n1. Real Madrid | 65<br \/>\n2. Barcelona | 63<br \/>\n3. Sevilla | 57<br \/>\n4. Atl\u00e9tico Madrid | 55<br \/>\n5. Villarreal |48<br \/>\n6. Real Sociedad | 48<br \/>\n7. Athletic Club | 47<br \/>\n8. Eibar | 44<br \/>\n9. Espanyol | 43<br \/>\n10. Alav\u00e9s | 40<br \/>\n11. Celta | 38<br \/>\n12. Las Palmas | 35<br \/>\n13. Real Betis | 31<br \/>\n14. Valencia | 30<br \/>\n15. M\u00e1laga | 27<br \/>\n16. Deportivo | 27<br \/>\n17. Legan\u00e9s | 26<br \/>\n18. Sporting Gij\u00f3n | 21<br \/>\n19. Granada | 19<br \/>\n20. Osasuna 29 1 8 20 29 69 11<\/p>\n<p><strong>S\u00edguenos en Twitter:<\/strong> <a href=\"https:\/\/twitter.com\/MXFutbolTotal\" target=\"_blank\">@MXFutbolTotal<\/a><\/p>\n","protected":false},"excerpt":{"rendered":"<p>El Submarino tropieza por 2-3 ante el Eibar; Jona juega media hora.<\/p>\n","protected":false},"author":20,"featured_media":471541,"comment_status":"closed","ping_status":"closed","sticky":false,"template":"","format":"standard","meta":[],"categories":[5,3857,3839,6718],"tags":[48,4545],"_links":{"self":[{"href":"http:\/\/desarrollo.grupomedios.com\/futbol\/wp-json\/wp\/v2\/posts\/471539"}],"collection":[{"href":"http:\/\/desarrollo.grupomedios.com\/futbol\/wp-json\/wp\/v2\/posts"}],"about":[{"href":"http:\/\/desarrollo.grupomedios.com\/futbol\/wp-json\/wp\/v2\/types\/post"}],"author":[{"embeddable":true,"href":"http:\/\/desarrollo.grupomedios.com\/futbol\/wp-json\/wp\/v2\/users\/20"}],"replies":[{"embeddable":true,"href":"http:\/\/desarrollo.grupomedios.com\/futbol\/wp-json\/wp\/v2\/comments?post=471539"}],"version-history":[{"count":1,"href":"http:\/\/desarrollo.grupomedios.com\/futbol\/wp-json\/wp\/v2\/posts\/471539\/revisions"}],"predecessor-version":[{"id":471542,"href":"http:\/\/desarrollo.grupomedios.com\/futbol\/wp-json\/wp\/v2\/posts\/471539\/revisions\/471542"}],"wp:featuredmedia":[{"embeddable":true,"href":"http:\/\/desarrollo.grupomedios.com\/futbol\/wp-json\/wp\/v2\/media\/471541"}],"wp:attachment":[{"href":"http:\/\/desarrollo.grupomedios.com\/futbol\/wp-json\/wp\/v2\/media?parent=471539"}],"wp:term":[{"taxonomy":"category","embeddable":true,"href":"http:\/\/desarrollo.grupomedios.com\/futbol\/wp-json\/wp\/v2\/categories?post=471539"},{"taxonomy":"post_tag","embeddable":true,"href":"http:\/\/desarrollo.grupomedios.com\/futbol\/wp-json\/wp\/v2\/tags?post=471539"}],"curies":[{"name":"wp","href":"https:\/\/api.w.org\/{rel}","templated":true}]}}