{"id":471565,"date":"2017-04-01T15:29:44","date_gmt":"2017-04-01T21:29:44","guid":{"rendered":"https:\/\/www.futboltotal.com.mx\/?p=471565"},"modified":"2017-04-01T15:36:45","modified_gmt":"2017-04-01T21:36:45","slug":"benfica-porto-se-dano-en-clasico","status":"publish","type":"post","link":"http:\/\/desarrollo.grupomedios.com\/futbol\/destacado-home\/benfica-porto-se-dano-en-clasico\/2017\/04","title":{"rendered":"\u00a1Benfica y Porto no se hacen da\u00f1o en Cl\u00e1sico!"},"content":{"rendered":"<p>En el estadio da Luz, <strong>Benfica<\/strong> recibi\u00f3 al <strong>Porto<\/strong> en busca de obtener una victoria que lo alejara de los <em>Dragones<\/em>, en la cima de la Primeira Liga de Portugal; sin embargo, en un duelo con tr\u00e1mite parejo, las escuadras negociaron el empate a un gol.<\/p>\n<p>Apenas corr\u00edan los primeros cinco minutos de juego, cuando Felipe cometi\u00f3 una falta dentro del \u00e1rea, que 60 segundos despu\u00e9s, Jonas convirti\u00f3 en gol para adelantar al Benfica. Con el tanto, las <em>\u00c1guilas<\/em> parec\u00edan dominar sin problema el encuentro, pero con el paso del tiempo, la visita se adapt\u00f3 y comenz\u00f3 a apedrear la caba\u00f1a rival.<\/p>\n<blockquote class=\"twitter-video\" data-lang=\"es\">\n<p dir=\"ltr\" lang=\"pt\">Golo de <a href=\"https:\/\/twitter.com\/Jonas_Gol\">@Jonas_Gol<\/a> pelo <a href=\"https:\/\/twitter.com\/SLBenfica\">@SLBenfica<\/a> frente ao <a href=\"https:\/\/twitter.com\/FCPorto\">@FCPorto<\/a> <a href=\"https:\/\/twitter.com\/hashtag\/classico?src=hash\">#classico<\/a> <a href=\"https:\/\/t.co\/MtCOigXXgc\">pic.twitter.com\/MtCOigXXgc<\/a><\/p>\n<p>\u2014 Henrique Mateus (@hmmateus) <a href=\"https:\/\/twitter.com\/hmmateus\/status\/848259825712738304\">1 de abril de 2017<\/a><\/p><\/blockquote>\n<p><script async src=\"\/\/platform.twitter.com\/widgets.js\" charset=\"utf-8\"><\/script><\/p>\n<p>El empate cay\u00f3 hasta el segundo tiempo, en una jugada en la que particip\u00f3 el mexicano, Jes\u00fas Manuel Corona, para que su compa\u00f1ero Maxi, anotara con buen disparo de volea; no obstante, el gol s\u00f3lo provoc\u00f3 a las<em> \u00c1guilas<\/em>, para que despertaran.<\/p>\n<p style=\"text-align: center;\"><span style=\"color: #3366ff;\"><a style=\"color: #3366ff;\" href=\"https:\/\/www.futboltotal.com.mx\/en-vivo\/en-vivo-benfica-vs-porto-liga-portuguesa\/38\/\" target=\"_blank\"><strong>LEER M\u00c1S: ASI SE VIVI\u00d3 | Benfica 1-1 Porto<\/strong><\/a><\/span><\/p>\n<blockquote class=\"twitter-video\" data-lang=\"es\">\n<p dir=\"ltr\" lang=\"pt\">&#x1f3a5; l O gol de Maxi Pereira, Benfica 1&#215;1 Porto <a href=\"https:\/\/t.co\/T0HkQbaSK6\">pic.twitter.com\/T0HkQbaSK6<\/a><\/p>\n<p>\u2014 Guia do Futebol (@OGuiadoFutebol) <a href=\"https:\/\/twitter.com\/OGuiadoFutebol\/status\/848275149048750081\">1 de abril de 2017<\/a><\/p><\/blockquote>\n<p><script async src=\"\/\/platform.twitter.com\/widgets.js\" charset=\"utf-8\"><\/script><\/p>\n<p>El tr\u00e1mite del juego luc\u00eda equilibrado hasta el \u00faltimo cuarto, donde Benfica comenz\u00f3 a dominar pero sin lograr volverse a poner al frente en el marcador, debido a imprecisi\u00f3n frente al marco, o a la buena labor de Iker Casillas en el campo. El \u00fanico mexicano que vio actividad fue Jes\u00fas Manuel <em>el Tecatito<\/em> Corona, quien abandon\u00f3 el terreno de juego, al minuto 66.<\/p>\n<p>S\u00edguenos en Twitter: <a href=\"https:\/\/twitter.com\/MXFutbolTotal\" target=\"_blank\">@MXFutbolTotal<\/a><\/p>\n","protected":false},"excerpt":{"rendered":"<p>En el estadio da Luz, \u00c1guilas y Dragones negocian empate a un gol. Tecatito, el \u00fanico mexicano en acci\u00f3n.<\/p>\n","protected":false},"author":20,"featured_media":471566,"comment_status":"closed","ping_status":"closed","sticky":false,"template":"","format":"standard","meta":[],"categories":[5,3839,6718],"tags":[6060,6214,7179,1208],"_links":{"self":[{"href":"http:\/\/desarrollo.grupomedios.com\/futbol\/wp-json\/wp\/v2\/posts\/471565"}],"collection":[{"href":"http:\/\/desarrollo.grupomedios.com\/futbol\/wp-json\/wp\/v2\/posts"}],"about":[{"href":"http:\/\/desarrollo.grupomedios.com\/futbol\/wp-json\/wp\/v2\/types\/post"}],"author":[{"embeddable":true,"href":"http:\/\/desarrollo.grupomedios.com\/futbol\/wp-json\/wp\/v2\/users\/20"}],"replies":[{"embeddable":true,"href":"http:\/\/desarrollo.grupomedios.com\/futbol\/wp-json\/wp\/v2\/comments?post=471565"}],"version-history":[{"count":4,"href":"http:\/\/desarrollo.grupomedios.com\/futbol\/wp-json\/wp\/v2\/posts\/471565\/revisions"}],"predecessor-version":[{"id":471570,"href":"http:\/\/desarrollo.grupomedios.com\/futbol\/wp-json\/wp\/v2\/posts\/471565\/revisions\/471570"}],"wp:featuredmedia":[{"embeddable":true,"href":"http:\/\/desarrollo.grupomedios.com\/futbol\/wp-json\/wp\/v2\/media\/471566"}],"wp:attachment":[{"href":"http:\/\/desarrollo.grupomedios.com\/futbol\/wp-json\/wp\/v2\/media?parent=471565"}],"wp:term":[{"taxonomy":"category","embeddable":true,"href":"http:\/\/desarrollo.grupomedios.com\/futbol\/wp-json\/wp\/v2\/categories?post=471565"},{"taxonomy":"post_tag","embeddable":true,"href":"http:\/\/desarrollo.grupomedios.com\/futbol\/wp-json\/wp\/v2\/tags?post=471565"}],"curies":[{"name":"wp","href":"https:\/\/api.w.org\/{rel}","templated":true}]}}