{"id":471628,"date":"2017-04-02T10:04:14","date_gmt":"2017-04-02T15:04:14","guid":{"rendered":"https:\/\/www.futboltotal.com.mx\/?p=471628"},"modified":"2017-04-02T17:37:56","modified_gmt":"2017-04-02T22:37:56","slug":"chicharito-esta-lesionado-baja-ante-wolfsburgo","status":"publish","type":"post","link":"http:\/\/desarrollo.grupomedios.com\/futbol\/destacado-home\/chicharito-esta-lesionado-baja-ante-wolfsburgo\/2017\/04","title":{"rendered":"Chicharito se lesiona y enciende alarmas en el Leverkusen"},"content":{"rendered":"<p>El delantero mexicano Javier <strong>Chicharito<\/strong> Hern\u00e1ndez no pudo jugar este domingo en el trepidante empate 3-3 ante Wolfsburgo, disputado en el Bay Arena en la Jornada 27 de la Bundesliga.<\/p>\n<p><strong>Chicharito\u00a0<\/strong>estaba contemplado el once inicia pero de \u00faltima hora el Bayer Leverkusen confirm\u00f3 que no estar\u00eda disponible al sufrir molestias musculares, aunque sin precisar el tipo de molestia que padeci\u00f3.<\/p>\n<p style=\"text-align: center;\"><span style=\"color: #3366ff;\">VER M\u00c1S: Todas las noticias de futbol internacional<\/span><\/p>\n<blockquote><p>&#8220;Sobre la situaci\u00f3n personal: <span class=\"twitter-hashtag pretty-link js-nav\" dir=\"ltr\" data-query-source=\"hashtag_click\"><s>#<\/s><b>Chicharito<\/b><\/span>\u00a0tiene problemas musculares y no est\u00e1 en el equipo. Recup\u00e9rate pronto&#8221;, public\u00f3 el club este domingo, dese\u00e1ndole una pronta recuperaci\u00f3n al goleador mexicano.<\/p><\/blockquote>\n<blockquote class=\"twitter-tweet\" data-lang=\"es\">\n<p dir=\"ltr\" lang=\"de\">Zur Personallage: <a href=\"https:\/\/twitter.com\/hashtag\/Chicharito?src=hash\">#Chicharito<\/a> hat \u00fcbrigens muskul\u00e4re Probleme und steht heute nicht im Kader. Gute Besserung, <a href=\"https:\/\/twitter.com\/CH14_\">@CH14_<\/a>!<a href=\"https:\/\/twitter.com\/hashtag\/B04WOB?src=hash\">#B04WOB<\/a> <a href=\"https:\/\/t.co\/wAIPDwq5JX\">pic.twitter.com\/wAIPDwq5JX<\/a><\/p>\n<p>\u2014 Bayer 04 Leverkusen (@bayer04fussball) <a href=\"https:\/\/twitter.com\/bayer04fussball\/status\/848544916896612352\">2 de abril de 2017<\/a><\/p><\/blockquote>\n<p><script async src=\"\/\/platform.twitter.com\/widgets.js\" charset=\"utf-8\"><\/script><br \/>\n<strong>Chicharito Hern\u00e1ndez<\/strong> report\u00f3 el mi\u00e9rcoles pasado con el Bayer Leverkusen despu\u00e9s de haber tenido actividad con la Selecci\u00f3n Mexicana ante Costa Rica y Trinidad y Tobago. <em>CH7<\/em>\u00a0estuvo entre algodones, despu\u00e9s de haber sufrido una molestia muscular en el muslo derecho ante los <em>Ticos\u00a0<\/em>y del desgaste que tuvo en Puerto Espa\u00f1a como titular.<\/p>\n<p>El mexicano parec\u00eda que hab\u00eda superado la lesi\u00f3n y que podr\u00eda tener actividad sin problema hoy ante el Wolfsburgo; sin embargo no fue as\u00ed y ahora tendr\u00e1 que ser valorado nuevamente para saber el grado de alcance de su lesi\u00f3n y saber si podr\u00e1 reaparecer el pr\u00f3ximo mi\u00e9rcoles ante el Darmstadt, en la fecha28 de la Bundesliga.<\/p>\n","protected":false},"excerpt":{"rendered":"<p>El mexicano sufri\u00f3 molestias musculares y fue baja para el duelo ante Wolfsburgo.<\/p>\n","protected":false},"author":20,"featured_media":455254,"comment_status":"closed","ping_status":"closed","sticky":false,"template":"","format":"standard","meta":[],"categories":[5],"tags":[549],"_links":{"self":[{"href":"http:\/\/desarrollo.grupomedios.com\/futbol\/wp-json\/wp\/v2\/posts\/471628"}],"collection":[{"href":"http:\/\/desarrollo.grupomedios.com\/futbol\/wp-json\/wp\/v2\/posts"}],"about":[{"href":"http:\/\/desarrollo.grupomedios.com\/futbol\/wp-json\/wp\/v2\/types\/post"}],"author":[{"embeddable":true,"href":"http:\/\/desarrollo.grupomedios.com\/futbol\/wp-json\/wp\/v2\/users\/20"}],"replies":[{"embeddable":true,"href":"http:\/\/desarrollo.grupomedios.com\/futbol\/wp-json\/wp\/v2\/comments?post=471628"}],"version-history":[{"count":5,"href":"http:\/\/desarrollo.grupomedios.com\/futbol\/wp-json\/wp\/v2\/posts\/471628\/revisions"}],"predecessor-version":[{"id":471733,"href":"http:\/\/desarrollo.grupomedios.com\/futbol\/wp-json\/wp\/v2\/posts\/471628\/revisions\/471733"}],"wp:featuredmedia":[{"embeddable":true,"href":"http:\/\/desarrollo.grupomedios.com\/futbol\/wp-json\/wp\/v2\/media\/455254"}],"wp:attachment":[{"href":"http:\/\/desarrollo.grupomedios.com\/futbol\/wp-json\/wp\/v2\/media?parent=471628"}],"wp:term":[{"taxonomy":"category","embeddable":true,"href":"http:\/\/desarrollo.grupomedios.com\/futbol\/wp-json\/wp\/v2\/categories?post=471628"},{"taxonomy":"post_tag","embeddable":true,"href":"http:\/\/desarrollo.grupomedios.com\/futbol\/wp-json\/wp\/v2\/tags?post=471628"}],"curies":[{"name":"wp","href":"https:\/\/api.w.org\/{rel}","templated":true}]}}