{"id":471632,"date":"2017-04-02T10:37:20","date_gmt":"2017-04-02T15:37:20","guid":{"rendered":"https:\/\/www.futboltotal.com.mx\/?p=471632"},"modified":"2017-04-02T10:56:58","modified_gmt":"2017-04-02T15:56:58","slug":"la-volpe-espera-tas-haga-justicia-en-caso-aguilar","status":"publish","type":"post","link":"http:\/\/desarrollo.grupomedios.com\/futbol\/futbol-mexicano\/la-volpe-espera-tas-haga-justicia-en-caso-aguilar\/2017\/04","title":{"rendered":"La Volpe espera que el TAS haga justicia en caso de Aguilar"},"content":{"rendered":"<p>Luego que el defensa paraguayo <strong>Pablo Aguilar<\/strong> apel\u00f3 ante el Tribunal de Arbitraje Deportivo (TAS) la suspensi\u00f3n de un a\u00f1o que le fue aplicada por agredir al \u00e1rbitro Fernando Hern\u00e1ndez, el t\u00e9cnico del Am\u00e9rica, el argentino Ricardo La Volpe, espera que se haga justicia.<\/p>\n<blockquote><p>&#8220;Creo que Am\u00e9rica har\u00e1 lo posible para que se haga justicia, apelar a la justicia y determinar bien como fue la situaci\u00f3n, que fue confusa, en la c\u00e9dula no se vio lo que pas\u00f3 despu\u00e9s, no s\u00e9 si son 24 o 48 horas por reglamento para ampliar algunas cosas, que bueno que Am\u00e9rica defensa al jugador as\u00ed como lo hacen sus compa\u00f1eros, pero lo determinar\u00e1 la justicia&#8221;, dijo el timonel.<\/p><\/blockquote>\n<p style=\"text-align: center;\"><a href=\"https:\/\/www.futboltotal.com.mx\/2017\/04\/resultados-liga-mx-america-1-0-monterrey-jornada-12\/\"><span style=\"color: #3366ff;\">VER M\u00c1S: Oribe le regala el triunfo al Am\u00e9rica<\/span><\/a><\/p>\n<p><strong>Pablo Aguilar<\/strong> intent\u00f3 agredir con un cabezazo a dicho juez central al final del partido de octavos de final de la Copa MX, lo que le vali\u00f3 en primera instancia un castigo de diez cotejos.<\/p>\n<p>Sin embargo, la Comisi\u00f3n de Arbitros apel\u00f3 dicha sanci\u00f3n, por lo que tras ser revisada se determin\u00f3 que deb\u00eda estar alejado de las canchas por un a\u00f1o.<\/p>\n<p>El pasado jueves se dio a conocer que el zaguero central sudamericano iba a presentar una apelaci\u00f3n en busca de una reducci\u00f3n de dicho castigo.<\/p>\n<p>Ante esta situaci\u00f3n, La Volpe acot\u00f3: &#8220;es un tema muy dif\u00edcil, desde que vimos la declaraci\u00f3n del \u00e1rbitro, vimos que era una intenci\u00f3n, despu\u00e9s que era agresi\u00f3n y debe aclararse todo&#8221;.<\/p>\n<p>&nbsp;<\/p>\n","protected":false},"excerpt":{"rendered":"<p>El DT de Am\u00e9rica asegur\u00f3 que el reporte de la c\u00e9dula fue confuso.<\/p>\n","protected":false},"author":20,"featured_media":471633,"comment_status":"closed","ping_status":"closed","sticky":false,"template":"","format":"standard","meta":[],"categories":[2198,3845,5950],"tags":[5959,994,767],"_links":{"self":[{"href":"http:\/\/desarrollo.grupomedios.com\/futbol\/wp-json\/wp\/v2\/posts\/471632"}],"collection":[{"href":"http:\/\/desarrollo.grupomedios.com\/futbol\/wp-json\/wp\/v2\/posts"}],"about":[{"href":"http:\/\/desarrollo.grupomedios.com\/futbol\/wp-json\/wp\/v2\/types\/post"}],"author":[{"embeddable":true,"href":"http:\/\/desarrollo.grupomedios.com\/futbol\/wp-json\/wp\/v2\/users\/20"}],"replies":[{"embeddable":true,"href":"http:\/\/desarrollo.grupomedios.com\/futbol\/wp-json\/wp\/v2\/comments?post=471632"}],"version-history":[{"count":2,"href":"http:\/\/desarrollo.grupomedios.com\/futbol\/wp-json\/wp\/v2\/posts\/471632\/revisions"}],"predecessor-version":[{"id":471638,"href":"http:\/\/desarrollo.grupomedios.com\/futbol\/wp-json\/wp\/v2\/posts\/471632\/revisions\/471638"}],"wp:featuredmedia":[{"embeddable":true,"href":"http:\/\/desarrollo.grupomedios.com\/futbol\/wp-json\/wp\/v2\/media\/471633"}],"wp:attachment":[{"href":"http:\/\/desarrollo.grupomedios.com\/futbol\/wp-json\/wp\/v2\/media?parent=471632"}],"wp:term":[{"taxonomy":"category","embeddable":true,"href":"http:\/\/desarrollo.grupomedios.com\/futbol\/wp-json\/wp\/v2\/categories?post=471632"},{"taxonomy":"post_tag","embeddable":true,"href":"http:\/\/desarrollo.grupomedios.com\/futbol\/wp-json\/wp\/v2\/tags?post=471632"}],"curies":[{"name":"wp","href":"https:\/\/api.w.org\/{rel}","templated":true}]}}