{"id":471675,"date":"2017-04-02T12:10:05","date_gmt":"2017-04-02T17:10:05","guid":{"rendered":"https:\/\/www.futboltotal.com.mx\/?p=471675"},"modified":"2017-04-02T17:23:02","modified_gmt":"2017-04-02T22:23:02","slug":"sin-chicharito-leverkusen-no-pudo-con-wolfsburgo","status":"publish","type":"post","link":"http:\/\/desarrollo.grupomedios.com\/futbol\/futbol-internacional\/sin-chicharito-leverkusen-no-pudo-con-wolfsburgo\/2017\/04","title":{"rendered":"Sin Chicharito, Leverkusen no pudo con Wolfsburgo"},"content":{"rendered":"<p><strong>Bayer Leverkusen<\/strong>, con la ausencia del atacante mexicano <strong>Javier <em>Chicharito<\/em>\u00a0Hern\u00e1ndez<\/strong>, desperdici\u00f3 una ventaja de dos anotaciones y rescat\u00f3 el empate 3-3 ante Wolfsburgo, en partido correspondiente a la fecha 26 de la Bundesliga.<\/p>\n<p>El c\u00e9sped del estadio BayArena disfrut\u00f3 durante 79 minutos la transitoria victoria de los locales con goles de Karim Bellarabi al 40&#8242; y de Kevin Volland al 65&#8242;, sin embargo, Mario G\u00f3mez termin\u00f3 con la alegr\u00eda al marcar a los 80&#8242;, 83&#8242; y 87 minutos para mala fortuna de las &#8220;aspirinas&#8221;, quienes lograron empatar al 89&#8242; con gol de Kai Havertz.<\/p>\n<p style=\"text-align: center;\"><span style=\"color: #3366ff;\"><a style=\"color: #3366ff;\" href=\"https:\/\/www.futboltotal.com.mx\/2017\/04\/chicharito-esta-lesionado-baja-ante-wolfsburgo\/\">VER M\u00c1S: Chicharito enciende alarma en el Bayer Leverkusen<\/a><\/span><\/p>\n<blockquote class=\"twitter-tweet\" data-lang=\"es\">\n<p dir=\"ltr\" lang=\"es\">90+3&#8242; \u00a1Incre\u00edble partido en <a href=\"https:\/\/twitter.com\/hashtag\/BayArena?src=hash\">#BayArena<\/a>! &#x1f631;<a href=\"https:\/\/twitter.com\/hashtag\/Bayer04?src=hash\">#Bayer04<\/a> 3-3 <a href=\"https:\/\/twitter.com\/VfLWolfsburg_ES\">@VfLWolfsburg_ES<\/a> <a href=\"https:\/\/twitter.com\/hashtag\/B04WOB?src=hash\">#B04WOB<\/a> <a href=\"https:\/\/t.co\/OuSZXzHpLn\">pic.twitter.com\/OuSZXzHpLn<\/a><\/p>\n<p>\u2014 Bayer 04 Leverkusen (@bayer04_es) <a href=\"https:\/\/twitter.com\/bayer04_es\/status\/848586763090219008\">2 de abril de 2017<\/a><\/p><\/blockquote>\n<p><script async src=\"\/\/platform.twitter.com\/widgets.js\" charset=\"utf-8\"><\/script><\/p>\n<p><strong><em>Chicharito<\/em><\/strong>\u00a0se cay\u00f3 de la convocatoria minutos antes del partido a consecuencia de una lesi\u00f3n que acarreaba desde la pasada Fecha FIFA, por lo que el t\u00e9cnico turco Tayfun Korkut decidi\u00f3 excluirlo del encuentro.<\/p>\n<p>El empate impide que el Bayer Leverkusen se meta en la pelea por puestos de competici\u00f3n europea y lo relega al onceavo lugar de la Liga de Alemania con 32 unidades, mientras que el cuadro de Wolfsburgo se sit\u00faa en la posici\u00f3n 13 con 30 puntos.<\/p>\n","protected":false},"excerpt":{"rendered":"<p>El mexicano se cay\u00f3 del once inicial y las Aspirinas dejaron escapara una ventaja de dos goles.<\/p>\n","protected":false},"author":20,"featured_media":471726,"comment_status":"closed","ping_status":"closed","sticky":false,"template":"","format":"standard","meta":[],"categories":[3839,6822,6718],"tags":[4335,120],"_links":{"self":[{"href":"http:\/\/desarrollo.grupomedios.com\/futbol\/wp-json\/wp\/v2\/posts\/471675"}],"collection":[{"href":"http:\/\/desarrollo.grupomedios.com\/futbol\/wp-json\/wp\/v2\/posts"}],"about":[{"href":"http:\/\/desarrollo.grupomedios.com\/futbol\/wp-json\/wp\/v2\/types\/post"}],"author":[{"embeddable":true,"href":"http:\/\/desarrollo.grupomedios.com\/futbol\/wp-json\/wp\/v2\/users\/20"}],"replies":[{"embeddable":true,"href":"http:\/\/desarrollo.grupomedios.com\/futbol\/wp-json\/wp\/v2\/comments?post=471675"}],"version-history":[{"count":2,"href":"http:\/\/desarrollo.grupomedios.com\/futbol\/wp-json\/wp\/v2\/posts\/471675\/revisions"}],"predecessor-version":[{"id":471727,"href":"http:\/\/desarrollo.grupomedios.com\/futbol\/wp-json\/wp\/v2\/posts\/471675\/revisions\/471727"}],"wp:featuredmedia":[{"embeddable":true,"href":"http:\/\/desarrollo.grupomedios.com\/futbol\/wp-json\/wp\/v2\/media\/471726"}],"wp:attachment":[{"href":"http:\/\/desarrollo.grupomedios.com\/futbol\/wp-json\/wp\/v2\/media?parent=471675"}],"wp:term":[{"taxonomy":"category","embeddable":true,"href":"http:\/\/desarrollo.grupomedios.com\/futbol\/wp-json\/wp\/v2\/categories?post=471675"},{"taxonomy":"post_tag","embeddable":true,"href":"http:\/\/desarrollo.grupomedios.com\/futbol\/wp-json\/wp\/v2\/tags?post=471675"}],"curies":[{"name":"wp","href":"https:\/\/api.w.org\/{rel}","templated":true}]}}