{"id":471718,"date":"2017-04-02T17:07:50","date_gmt":"2017-04-02T22:07:50","guid":{"rendered":"https:\/\/www.futboltotal.com.mx\/?p=471718"},"modified":"2017-04-02T17:07:50","modified_gmt":"2017-04-02T22:07:50","slug":"napoli-juventus-dan-gran-juego-previo-a-la-copa","status":"publish","type":"post","link":"http:\/\/desarrollo.grupomedios.com\/futbol\/futbol-internacional\/napoli-juventus-dan-gran-juego-previo-a-la-copa\/2017\/04","title":{"rendered":"Napoli y Juventus dan gran juego previo a la Copa"},"content":{"rendered":"<p>El<strong> N\u00e1poles y el Juventus Tur\u00edn<\/strong> empataron 1-1 este domingo en la trig\u00e9sima jornada de la <strong>Serie A italiana<\/strong> (Primera Divisi\u00f3n), en un duelo en el que el argentino Gonzalo Higua\u00edn, que fue silbado sonoramente por sus exaficionados, no vio puerta.<\/p>\n<p>El alem\u00e1n <strong>Sami Khedira<\/strong> hab\u00eda adelantado al equipo turin\u00e9s nada m\u00e1s empezar el duelo, pero despu\u00e9s de ese gol el <strong>N\u00e1poles<\/strong> domin\u00f3 el ritmo, igual\u00f3 gracias al eslovaco <strong>Marek Hamsik<\/strong> e incluso tuvo una ocasi\u00f3n para ganar, de no repeler el poste un disparo del belga Dries Mertens.<\/p>\n<p>As\u00ed, el l\u00edder <strong>Juventus<\/strong> vio reducirse de ocho a seis sus puntos de ventaja sobre el Roma, segundo y que gan\u00f3 el s\u00e1bado al Empoli, mientras que los napolitanos se quedaron terceros, a cuatro puntos de distancia de los propios romanos.<\/p>\n<p style=\"text-align: center;\"><a href=\"https:\/\/www.futboltotal.com.mx\/2017\/04\/ochoa-evita-epica-goleada-del-barcelona\/\" target=\"_blank\">LEER M\u00c1S: Ochoa evita \u00e9pica goleada del Barcelona<\/a><\/p>\n<p>El <strong>Juventus<\/strong> empez\u00f3 el duelo con gran concentraci\u00f3n y logr\u00f3 adelantarse en su primera ocasi\u00f3n de gol gracias al exmadridista Khedira, que firm\u00f3 su quinta diana de la temporada tras una gran acci\u00f3n personal.<\/p>\n<p>El alem\u00e1n encar\u00f3 la defensa rival desde los 35 metros, hizo una pared con el bosnio Miralem Pjanic y defini\u00f3 con un derechazo raso al suelo que sorprendi\u00f3 al portero brasile\u00f1o Rafael Cabral.<\/p>\n<p>En la reanudaci\u00f3n, el <strong>N\u00e1poles<\/strong> encerr\u00f3 al Juventus en su mitad del campo y, tras un gol anulado al espa\u00f1ol Jos\u00e9 Callej\u00f3n por fuera de juego, logr\u00f3 la igualada por medio de Hamsik, que culmin\u00f3 una gran combinaci\u00f3n con Mertens con un derechazo a la escuadra (m.60).<\/p>\n","protected":false},"excerpt":{"rendered":"<p>Los Bianconneri acortan su distancia rumbo al titulo. <\/p>\n","protected":false},"author":144,"featured_media":471719,"comment_status":"closed","ping_status":"closed","sticky":false,"template":"","format":"standard","meta":[],"categories":[3839,3848],"tags":[5999,160,5958],"_links":{"self":[{"href":"http:\/\/desarrollo.grupomedios.com\/futbol\/wp-json\/wp\/v2\/posts\/471718"}],"collection":[{"href":"http:\/\/desarrollo.grupomedios.com\/futbol\/wp-json\/wp\/v2\/posts"}],"about":[{"href":"http:\/\/desarrollo.grupomedios.com\/futbol\/wp-json\/wp\/v2\/types\/post"}],"author":[{"embeddable":true,"href":"http:\/\/desarrollo.grupomedios.com\/futbol\/wp-json\/wp\/v2\/users\/144"}],"replies":[{"embeddable":true,"href":"http:\/\/desarrollo.grupomedios.com\/futbol\/wp-json\/wp\/v2\/comments?post=471718"}],"version-history":[{"count":1,"href":"http:\/\/desarrollo.grupomedios.com\/futbol\/wp-json\/wp\/v2\/posts\/471718\/revisions"}],"predecessor-version":[{"id":471720,"href":"http:\/\/desarrollo.grupomedios.com\/futbol\/wp-json\/wp\/v2\/posts\/471718\/revisions\/471720"}],"wp:featuredmedia":[{"embeddable":true,"href":"http:\/\/desarrollo.grupomedios.com\/futbol\/wp-json\/wp\/v2\/media\/471719"}],"wp:attachment":[{"href":"http:\/\/desarrollo.grupomedios.com\/futbol\/wp-json\/wp\/v2\/media?parent=471718"}],"wp:term":[{"taxonomy":"category","embeddable":true,"href":"http:\/\/desarrollo.grupomedios.com\/futbol\/wp-json\/wp\/v2\/categories?post=471718"},{"taxonomy":"post_tag","embeddable":true,"href":"http:\/\/desarrollo.grupomedios.com\/futbol\/wp-json\/wp\/v2\/tags?post=471718"}],"curies":[{"name":"wp","href":"https:\/\/api.w.org\/{rel}","templated":true}]}}