{"id":471789,"date":"2017-04-03T09:35:26","date_gmt":"2017-04-03T14:35:26","guid":{"rendered":"https:\/\/www.futboltotal.com.mx\/?p=471789"},"modified":"2017-04-03T09:38:01","modified_gmt":"2017-04-03T14:38:01","slug":"chicharito-termino-romance-fugaz-camila-sodi","status":"publish","type":"post","link":"http:\/\/desarrollo.grupomedios.com\/futbol\/cambio-de-juego\/chicharito-termino-romance-fugaz-camila-sodi\/2017\/04","title":{"rendered":"Chicharito termin\u00f3 su romance fugaz con Camila Sodi"},"content":{"rendered":"<p>Muy poco les dur\u00f3 el gusto al delantero mexicano <b>Javier Chicharito Hern\u00e1ndez<\/b> y a la actriz Camila Sodi el tener una bella relaci\u00f3n. Su romance fugaz termin\u00f3. No hay vuelta atr\u00e1s. La distancia y la presi\u00f3n de los medios pesaron m\u00e1s que el amor y la ilusi\u00f3n. Oficialmente pusieron fin a su relaci\u00f3n de pareja.<\/p>\n<p>As\u00ed lo confirm\u00f3 la hermosa Camila Sodi en una entrevista para la revista <i>Vanity Fair <\/i>en la que asegur\u00f3 que le atacaron m\u00e1s de la cuenta por haber iniciado un noviazgo poco despu\u00e9s de que Chicharito terminara su relaci\u00f3n con la periodista Lucia Villal\u00f3n.<\/p>\n<p style=\"text-align: center;\"><span style=\"color: #3366ff;\"><a style=\"color: #3366ff;\" href=\"https:\/\/www.futboltotal.com.mx\/2017\/04\/chicharito-esta-lesionado-baja-ante-wolfsburgo\/\">VER M\u00c1S: Chicharito se lesiona y enciende alarma en el Leverkusen<\/a>\u00a0<\/span><\/p>\n<blockquote><p>\u201cFue demasiada presi\u00f3n de los medios, no pudimos, est\u00e1bamos en una relaci\u00f3n a distancia y fue demasiado&#8221;, afirm\u00f3 Sodi, quien agreg\u00f3 que lleg\u00f3 a sufrir acoso de los reporteros para saber m\u00e1s sobre c\u00f3mo se dio su relaci\u00f3n con el <em>crack<\/em> mexicano.<\/p>\n<p>&#8220;Hubo mucho escarnio, mucha cosa encima de algo muy bonito, mucha cosa muy fea que no ten\u00eda que ver con nosotros\u201d, expres\u00f3 Sodi, quien asegur\u00f3 que\u00a0<em><strong>Chicharito\u00a0<\/strong><\/em>es &#8220;un alma muy noble y una muy buena persona&#8221;.<\/p><\/blockquote>\n<p>S\u00edguenos en Twitter: <a href=\"https:\/\/twitter.com\/MXFutbolTotal\" target=\"_blank\">@MXFutbolTotal<\/a><\/p>\n","protected":false},"excerpt":{"rendered":"<p>La actriz rompe el silencio y habla de la relaci\u00f3n que tuvo con el delantero mexicano del Bayer Leverkusen<\/p>\n","protected":false},"author":20,"featured_media":471791,"comment_status":"closed","ping_status":"closed","sticky":false,"template":"","format":"standard","meta":[],"categories":[5419],"tags":[549],"_links":{"self":[{"href":"http:\/\/desarrollo.grupomedios.com\/futbol\/wp-json\/wp\/v2\/posts\/471789"}],"collection":[{"href":"http:\/\/desarrollo.grupomedios.com\/futbol\/wp-json\/wp\/v2\/posts"}],"about":[{"href":"http:\/\/desarrollo.grupomedios.com\/futbol\/wp-json\/wp\/v2\/types\/post"}],"author":[{"embeddable":true,"href":"http:\/\/desarrollo.grupomedios.com\/futbol\/wp-json\/wp\/v2\/users\/20"}],"replies":[{"embeddable":true,"href":"http:\/\/desarrollo.grupomedios.com\/futbol\/wp-json\/wp\/v2\/comments?post=471789"}],"version-history":[{"count":3,"href":"http:\/\/desarrollo.grupomedios.com\/futbol\/wp-json\/wp\/v2\/posts\/471789\/revisions"}],"predecessor-version":[{"id":471793,"href":"http:\/\/desarrollo.grupomedios.com\/futbol\/wp-json\/wp\/v2\/posts\/471789\/revisions\/471793"}],"wp:featuredmedia":[{"embeddable":true,"href":"http:\/\/desarrollo.grupomedios.com\/futbol\/wp-json\/wp\/v2\/media\/471791"}],"wp:attachment":[{"href":"http:\/\/desarrollo.grupomedios.com\/futbol\/wp-json\/wp\/v2\/media?parent=471789"}],"wp:term":[{"taxonomy":"category","embeddable":true,"href":"http:\/\/desarrollo.grupomedios.com\/futbol\/wp-json\/wp\/v2\/categories?post=471789"},{"taxonomy":"post_tag","embeddable":true,"href":"http:\/\/desarrollo.grupomedios.com\/futbol\/wp-json\/wp\/v2\/tags?post=471789"}],"curies":[{"name":"wp","href":"https:\/\/api.w.org\/{rel}","templated":true}]}}