{"id":471821,"date":"2017-04-03T13:33:55","date_gmt":"2017-04-03T18:33:55","guid":{"rendered":"https:\/\/www.futboltotal.com.mx\/?p=471821"},"modified":"2017-04-03T13:33:55","modified_gmt":"2017-04-03T18:33:55","slug":"aviles-hurtado-cierra-la-puerta-a-fichar-america","status":"publish","type":"post","link":"http:\/\/desarrollo.grupomedios.com\/futbol\/destacado-home\/aviles-hurtado-cierra-la-puerta-a-fichar-america\/2017\/04","title":{"rendered":"Avil\u00e9s Hurtado no cierra la puerta a fichar por el Am\u00e9rica"},"content":{"rendered":"<p>Luego del excelente partido que dio el colombiano <strong>Avil\u00e9s Hurtado<\/strong> en el empate de <strong>Tijuana<\/strong> a tres goles ante el <strong>Atlas<\/strong>, con doblete e incre\u00edble gol de chilena por parte del sudamericano, se han reactivado las versiones que acercan al delantero a reforzar al <strong>Am\u00e9rica<\/strong>.<\/p>\n<p>Precisamente las<em> \u00c1guilas<\/em> son el pr\u00f3ximo rival de <em>Xolos<\/em> en la Liga MX y, en entrevista con el diario R\u00e9cord, Hurtado se dijo comprometido con el cuadro fronterizo, aunque no descarta un posible traspaso al <strong>Am\u00e9rica<\/strong>.<\/p>\n<p>&#8220;No le cierro la puerta a nadie, para nada. No puedes decir de esta agua no beber\u00e9, capaz y te toca como ha pasado en muchos casos; estoy abierto a cualquier posibilidad, siempre y cuando sea en mi beneficio, vaya a estar feliz o piense que sea una decisi\u00f3n buena para mi familia. Ahorita estoy muy contento aqu\u00ed (en <em>Xolos<\/em>)&#8221;, asegur\u00f3 el cafetalero.<\/p>\n<p style=\"text-align: center;\"><a href=\"https:\/\/www.futboltotal.com.mx\/2017\/04\/11-ideal-la-jornada-12-del-clausura-2017\/\">VER M\u00c1S: El 11 ideal de la jornada 12 del Clausura 2017<\/a><\/p>\n<p>Avil\u00e9s sabe que fue el argentino Ricardo La Volpe el mayor interesado en que las <em>\u00c1guilas<\/em> lo ficharan para encarar el torneo Clausura 2017, pero hasta ahora est\u00e1 muy feliz y agradecido con Tijuana.<\/p>\n<p>&#8220;Fue interesante en ese punto, pero no s\u00e9 si hubiera sido la<em> bomba<\/em>. Lo importante aqu\u00ed es que La Volpe me conoc\u00eda muy bien y sab\u00eda lo que le pod\u00eda dar, creo que m\u00e1s insisti\u00f3 por ese lado pero no se lleg\u00f3 a ning\u00fan acuerdo conmigo ni con la directiva. Me quedo tranquilo sabiendo que ac\u00e1 estaba de la mejor manera, con la gente que siempre me ha apoyado y lo sigue haciendo&#8221;, dijo el colombiano.<\/p>\n<p>Sin embargo, en estos momentos Hurtado se debe a la causa de <em>Xolos<\/em> y s\u00f3lo piensa en vencer a los americanistas.<\/p>\n<p>&#8220;Todos queremos jugar este tipo de partidos y m\u00e1s con un equipo tan grande como es Am\u00e9rica, pero sabemos que es un partido m\u00e1s que tenemos que salir a ganar como siempre lo hacemos de local. Capaz que s\u00ed nos ayuda (el pasto sint\u00e9tico), la verdad s\u00ed es muy complicado jugar en esta cancha, tienes el p\u00fablico a tu favor, siempre nos est\u00e1 apoyando al m\u00e1ximo\u201d, agreg\u00f3.<\/p>\n<p class=\"p1\"><span class=\"s1\"><b>S\u00edguenos en Twitter<\/b>:\u00a0<a href=\"https:\/\/twitter.com\/MXFutbolTotal\"><span class=\"s2\">@MXFutbolTotal<\/span><\/a><\/span><\/p>\n","protected":false},"excerpt":{"rendered":"<p>Hurtado se dijo comprometido con Xolos, aunque no descarta un posible traspaso a las \u00c1guilas.<\/p>\n","protected":false},"author":20,"featured_media":470448,"comment_status":"closed","ping_status":"closed","sticky":false,"template":"","format":"standard","meta":[],"categories":[5,7740,2198,3845],"tags":[1585,5959,2069,7732,64,5974,1673],"_links":{"self":[{"href":"http:\/\/desarrollo.grupomedios.com\/futbol\/wp-json\/wp\/v2\/posts\/471821"}],"collection":[{"href":"http:\/\/desarrollo.grupomedios.com\/futbol\/wp-json\/wp\/v2\/posts"}],"about":[{"href":"http:\/\/desarrollo.grupomedios.com\/futbol\/wp-json\/wp\/v2\/types\/post"}],"author":[{"embeddable":true,"href":"http:\/\/desarrollo.grupomedios.com\/futbol\/wp-json\/wp\/v2\/users\/20"}],"replies":[{"embeddable":true,"href":"http:\/\/desarrollo.grupomedios.com\/futbol\/wp-json\/wp\/v2\/comments?post=471821"}],"version-history":[{"count":1,"href":"http:\/\/desarrollo.grupomedios.com\/futbol\/wp-json\/wp\/v2\/posts\/471821\/revisions"}],"predecessor-version":[{"id":471831,"href":"http:\/\/desarrollo.grupomedios.com\/futbol\/wp-json\/wp\/v2\/posts\/471821\/revisions\/471831"}],"wp:featuredmedia":[{"embeddable":true,"href":"http:\/\/desarrollo.grupomedios.com\/futbol\/wp-json\/wp\/v2\/media\/470448"}],"wp:attachment":[{"href":"http:\/\/desarrollo.grupomedios.com\/futbol\/wp-json\/wp\/v2\/media?parent=471821"}],"wp:term":[{"taxonomy":"category","embeddable":true,"href":"http:\/\/desarrollo.grupomedios.com\/futbol\/wp-json\/wp\/v2\/categories?post=471821"},{"taxonomy":"post_tag","embeddable":true,"href":"http:\/\/desarrollo.grupomedios.com\/futbol\/wp-json\/wp\/v2\/tags?post=471821"}],"curies":[{"name":"wp","href":"https:\/\/api.w.org\/{rel}","templated":true}]}}