{"id":471835,"date":"2017-04-03T14:01:21","date_gmt":"2017-04-03T19:01:21","guid":{"rendered":"https:\/\/www.futboltotal.com.mx\/?p=471835"},"modified":"2017-04-03T14:01:21","modified_gmt":"2017-04-03T19:01:21","slug":"america-consuela-a-pablo-aguilar-pastelazo-cumpleanos","status":"publish","type":"post","link":"http:\/\/desarrollo.grupomedios.com\/futbol\/futbol-mexicano\/america-consuela-a-pablo-aguilar-pastelazo-cumpleanos\/2017\/04","title":{"rendered":"Am\u00e9rica consuela a Pablo Aguilar con pastelazo por su cumplea\u00f1os"},"content":{"rendered":"<p>Mientras el defensa paraguayo <strong>Pablo Aguilar<\/strong> espera respuesta por parte del TAS buscando una reducci\u00f3n a su castigo de un a\u00f1o sin poder jugar, en el <strong>Am\u00e9rica<\/strong> sus compa\u00f1eros se encargaron de levantarle el \u00e1nimo con un pastel por motivo de su cumplea\u00f1os 30.<\/p>\n<p>En un video que las \u00c1guilas publicaron en sus redes sociales, el plantel americanista, comandado por los paraguayos Cecilio Dom\u00ednguez, Miguel Samudio, el brasile\u00f1o William Da Silva y la joven sensaci\u00f3n Diego Lainez, festej\u00f3 al defensa central en medio de la pol\u00e9mica sanci\u00f3n que le impuso la Comisi\u00f3n Disciplinaria por propinarle un cabezazo al \u00e1rbitro Fernando Hern\u00e1ndez en un duelo de la Copa MX.<\/p>\n<p style=\"text-align: center;\"><a href=\"https:\/\/www.futboltotal.com.mx\/2017\/04\/aviles-hurtado-cierra-la-puerta-a-fichar-america\/\">VER M\u00c1S: Avil\u00e9s Hurtado no cierra la puerta a fichar por el Am\u00e9rica<\/a><\/p>\n<p>Los futbolistas no permitieron que Aguilar se salvara del ya tradicional pastelazo, mismo que el guaran\u00ed ya sab\u00eda que sufrir\u00eda a manos de sus compa\u00f1eros.<\/p>\n<p>&nbsp;<\/p>\n<blockquote class=\"twitter-video\" data-lang=\"es\">\n<p dir=\"ltr\" lang=\"pt\"> Pastelazo \u00c1guila <a href=\"https:\/\/twitter.com\/pablis23\">@pablis23<\/a> <a href=\"https:\/\/twitter.com\/hashtag\/FelizCumplea%C3%B1osPablito?src=hash\">#FelizCumplea\u00f1osPablito<\/a>  <a href=\"https:\/\/t.co\/QgnYd3PpWp\">pic.twitter.com\/QgnYd3PpWp<\/a><\/p>\n<p>\u2014 Club Am\u00e9rica (@ClubAmerica) <a href=\"https:\/\/twitter.com\/ClubAmerica\/status\/848962781520973825\">3 de abril de 2017<\/a><\/p><\/blockquote>\n<p><script async src=\"\/\/platform.twitter.com\/widgets.js\" charset=\"utf-8\"><\/script><\/p>\n<p class=\"p1\"><span class=\"s1\"><b>S\u00edguenos en Twitter<\/b>:\u00a0<a href=\"https:\/\/twitter.com\/MXFutbolTotal\"><span class=\"s2\">@MXFutbolTotal<\/span><\/a><\/span><\/p>\n","protected":false},"excerpt":{"rendered":"<p>En el Am\u00e9rica los compa\u00f1eros de Pablo Aguilar se encargaron de levantarle el \u00e1nimo.<\/p>\n","protected":false},"author":20,"featured_media":471836,"comment_status":"closed","ping_status":"closed","sticky":false,"template":"","format":"standard","meta":[],"categories":[5419,2198,3845],"tags":[5959,7732,64,994],"_links":{"self":[{"href":"http:\/\/desarrollo.grupomedios.com\/futbol\/wp-json\/wp\/v2\/posts\/471835"}],"collection":[{"href":"http:\/\/desarrollo.grupomedios.com\/futbol\/wp-json\/wp\/v2\/posts"}],"about":[{"href":"http:\/\/desarrollo.grupomedios.com\/futbol\/wp-json\/wp\/v2\/types\/post"}],"author":[{"embeddable":true,"href":"http:\/\/desarrollo.grupomedios.com\/futbol\/wp-json\/wp\/v2\/users\/20"}],"replies":[{"embeddable":true,"href":"http:\/\/desarrollo.grupomedios.com\/futbol\/wp-json\/wp\/v2\/comments?post=471835"}],"version-history":[{"count":1,"href":"http:\/\/desarrollo.grupomedios.com\/futbol\/wp-json\/wp\/v2\/posts\/471835\/revisions"}],"predecessor-version":[{"id":471837,"href":"http:\/\/desarrollo.grupomedios.com\/futbol\/wp-json\/wp\/v2\/posts\/471835\/revisions\/471837"}],"wp:featuredmedia":[{"embeddable":true,"href":"http:\/\/desarrollo.grupomedios.com\/futbol\/wp-json\/wp\/v2\/media\/471836"}],"wp:attachment":[{"href":"http:\/\/desarrollo.grupomedios.com\/futbol\/wp-json\/wp\/v2\/media?parent=471835"}],"wp:term":[{"taxonomy":"category","embeddable":true,"href":"http:\/\/desarrollo.grupomedios.com\/futbol\/wp-json\/wp\/v2\/categories?post=471835"},{"taxonomy":"post_tag","embeddable":true,"href":"http:\/\/desarrollo.grupomedios.com\/futbol\/wp-json\/wp\/v2\/tags?post=471835"}],"curies":[{"name":"wp","href":"https:\/\/api.w.org\/{rel}","templated":true}]}}