{"id":471844,"date":"2017-04-03T14:43:14","date_gmt":"2017-04-03T19:43:14","guid":{"rendered":"https:\/\/www.futboltotal.com.mx\/?p=471844"},"modified":"2017-04-03T17:57:36","modified_gmt":"2017-04-03T22:57:36","slug":"ex-entrenador-del-united-amenazo-a-reportera-darle-una-bofetada","status":"publish","type":"post","link":"http:\/\/desarrollo.grupomedios.com\/futbol\/futbol-internacional\/ex-entrenador-del-united-amenazo-a-reportera-darle-una-bofetada\/2017\/04","title":{"rendered":"Ex entrenador del United amenaz\u00f3 a reportera con darle una bofetada"},"content":{"rendered":"<p><strong>David Moyes<\/strong> protagoniz\u00f3 un momento bastante incomodo el pasado domingo luego de que su equipo igualara ante el Burnley. El ahora entrenador del <strong>Sunderland,<\/strong> amenaz\u00f3 a una reportera de la <em>BBC<\/em> con darle una bofetada.<\/p>\n<blockquote><p>&#8220;Todav\u00eda puedes recibir una bofetada aunque seas una mujer. Cuidado la pr\u00f3xima vez que vengas&#8221;, coment\u00f3 el t\u00e9cnico luego de culminar una entrevista con la periodista <strong>Vicky Sparks.<\/strong><\/p><\/blockquote>\n<p><strong>Moyes<\/strong> fue bastante criticado por su actitud. aunque ya ofreci\u00f3 una disculpa de manera abierta hacia la periodista, misma que fue aceptada.<\/p>\n<blockquote><p>&#8220;El Sr. Moyes se ha disculpado con nuestra reportera y ha aceptado su disculpa&#8221;, mencion\u00f3 un portavoz del medio de la BBC. Mientras que el<strong> Sunderland<\/strong> tambi\u00e9n dio su postura final: &#8220;Hablaron entre s\u00ed posteriormente y el asunto se resolvi\u00f3 amistosamente&#8221;.<\/p><\/blockquote>\n<p><iframe loading=\"lazy\" src=\"https:\/\/www.youtube.com\/embed\/swwkLkTGOEg\" frameborder=\"0\" allowfullscreen=\"allowfullscreen\"><\/iframe><\/p>\n","protected":false},"excerpt":{"rendered":"<p>David Moyes amenaz\u00f3 a una periodista de la BBC.<\/p>\n","protected":false},"author":20,"featured_media":471846,"comment_status":"closed","ping_status":"closed","sticky":false,"template":"","format":"standard","meta":[],"categories":[5419,3839,3846],"tags":[4037,2126],"_links":{"self":[{"href":"http:\/\/desarrollo.grupomedios.com\/futbol\/wp-json\/wp\/v2\/posts\/471844"}],"collection":[{"href":"http:\/\/desarrollo.grupomedios.com\/futbol\/wp-json\/wp\/v2\/posts"}],"about":[{"href":"http:\/\/desarrollo.grupomedios.com\/futbol\/wp-json\/wp\/v2\/types\/post"}],"author":[{"embeddable":true,"href":"http:\/\/desarrollo.grupomedios.com\/futbol\/wp-json\/wp\/v2\/users\/20"}],"replies":[{"embeddable":true,"href":"http:\/\/desarrollo.grupomedios.com\/futbol\/wp-json\/wp\/v2\/comments?post=471844"}],"version-history":[{"count":2,"href":"http:\/\/desarrollo.grupomedios.com\/futbol\/wp-json\/wp\/v2\/posts\/471844\/revisions"}],"predecessor-version":[{"id":471875,"href":"http:\/\/desarrollo.grupomedios.com\/futbol\/wp-json\/wp\/v2\/posts\/471844\/revisions\/471875"}],"wp:featuredmedia":[{"embeddable":true,"href":"http:\/\/desarrollo.grupomedios.com\/futbol\/wp-json\/wp\/v2\/media\/471846"}],"wp:attachment":[{"href":"http:\/\/desarrollo.grupomedios.com\/futbol\/wp-json\/wp\/v2\/media?parent=471844"}],"wp:term":[{"taxonomy":"category","embeddable":true,"href":"http:\/\/desarrollo.grupomedios.com\/futbol\/wp-json\/wp\/v2\/categories?post=471844"},{"taxonomy":"post_tag","embeddable":true,"href":"http:\/\/desarrollo.grupomedios.com\/futbol\/wp-json\/wp\/v2\/tags?post=471844"}],"curies":[{"name":"wp","href":"https:\/\/api.w.org\/{rel}","templated":true}]}}