{"id":471864,"date":"2017-04-03T17:36:11","date_gmt":"2017-04-03T22:36:11","guid":{"rendered":"https:\/\/www.futboltotal.com.mx\/?p=471864"},"modified":"2017-04-03T17:37:10","modified_gmt":"2017-04-03T22:37:10","slug":"paul-aguilar-recibe-alta-medica-esta-listo-jugar","status":"publish","type":"post","link":"http:\/\/desarrollo.grupomedios.com\/futbol\/futbol-mexicano\/paul-aguilar-recibe-alta-medica-esta-listo-jugar\/2017\/04","title":{"rendered":"Paul Aguilar recibe alta m\u00e9dica y est\u00e1 listo para jugar"},"content":{"rendered":"<p>Seis meses despu\u00e9s de haber sido operado de una rotura de ligamento anterior cruzado de la rodilla derecha, el lateral derecho del Am\u00e9rica, <strong>Paul Aguilar<\/strong>, recibi\u00f3 el alta m\u00e9dica y est\u00e1 listo para regresar a las canchas.<\/p>\n<p>El sinaloense super\u00f3 por fin un largo proceso de rehabilitaci\u00f3n\u00a0despu\u00e9s de aquella lesi\u00f3n que sufri\u00f3 el 28 de septiembre de 2016 durante el partido ante Veracruz, correspondiente a los Octavos de Final de la Copa MX. El doctor Rafael Ortega, encargado de operarlo en un hospital de Guadalajara, confirm\u00f3 que Aguilar ya est\u00e1 en \u00f3ptimas condiciones.<\/p>\n<blockquote><p>&#8220;La operaci\u00f3n fue un \u00e9xito y se han cumplido las fechas de rehabilitaci\u00f3n, fueron los seis meses. Lo revisamos este d\u00eda y hoy recibi\u00f3 el alta&#8221;, expres\u00f3 Ortega.<\/p><\/blockquote>\n<p style=\"text-align: center;\"><a href=\"https:\/\/www.futboltotal.com.mx\/2017\/04\/america-vuelve-a-perder-lesion-a-cecilio-dominguez\/\"><span style=\"color: #3366ff;\">VER M\u00c1S: Am\u00e9rica pierde a Cecilio Dom\u00ednguez tres semanas<\/span><\/a><\/p>\n<p style=\"text-align: left;\"><strong>Paul Aguilar\u00a0<\/strong>ha entrenado desde hace tres semanas con el Am\u00e9rica y lo ha hecho con intensidad recuperando sensaciones. Su regreso a las canchas se esperaba desde que la Fecha FIFA del pasado mes de marzo; sin embargo el cuerpo t\u00e9cnico no le dio minutos en el amistoso ante Morelia pues estaba a la espera de que Ortega diera luz verde. Que <strong>Aguilar<\/strong> pueda volver a disputar un partido depender\u00e1 de la decisi\u00f3n del entrenador Ricardo La Volpe y su cuerpo t\u00e9cnico.<\/p>\n<p style=\"text-align: left;\"><b>S\u00edguenos en Twitter<\/b>:\u00a0<a href=\"https:\/\/twitter.com\/MXFutbolTotal\"><span class=\"s2\">@MXFutbolTotal<\/span><\/a><\/p>\n","protected":false},"excerpt":{"rendered":"<p>El lateral derecho volver\u00e1 a las canchas tras rehabilitarse seis meses por una lesi\u00f3n en la rodilla izquierda.<\/p>\n","protected":false},"author":20,"featured_media":470075,"comment_status":"closed","ping_status":"closed","sticky":false,"template":"","format":"standard","meta":[],"categories":[2198,3845],"tags":[5959,216],"_links":{"self":[{"href":"http:\/\/desarrollo.grupomedios.com\/futbol\/wp-json\/wp\/v2\/posts\/471864"}],"collection":[{"href":"http:\/\/desarrollo.grupomedios.com\/futbol\/wp-json\/wp\/v2\/posts"}],"about":[{"href":"http:\/\/desarrollo.grupomedios.com\/futbol\/wp-json\/wp\/v2\/types\/post"}],"author":[{"embeddable":true,"href":"http:\/\/desarrollo.grupomedios.com\/futbol\/wp-json\/wp\/v2\/users\/20"}],"replies":[{"embeddable":true,"href":"http:\/\/desarrollo.grupomedios.com\/futbol\/wp-json\/wp\/v2\/comments?post=471864"}],"version-history":[{"count":1,"href":"http:\/\/desarrollo.grupomedios.com\/futbol\/wp-json\/wp\/v2\/posts\/471864\/revisions"}],"predecessor-version":[{"id":471873,"href":"http:\/\/desarrollo.grupomedios.com\/futbol\/wp-json\/wp\/v2\/posts\/471864\/revisions\/471873"}],"wp:featuredmedia":[{"embeddable":true,"href":"http:\/\/desarrollo.grupomedios.com\/futbol\/wp-json\/wp\/v2\/media\/470075"}],"wp:attachment":[{"href":"http:\/\/desarrollo.grupomedios.com\/futbol\/wp-json\/wp\/v2\/media?parent=471864"}],"wp:term":[{"taxonomy":"category","embeddable":true,"href":"http:\/\/desarrollo.grupomedios.com\/futbol\/wp-json\/wp\/v2\/categories?post=471864"},{"taxonomy":"post_tag","embeddable":true,"href":"http:\/\/desarrollo.grupomedios.com\/futbol\/wp-json\/wp\/v2\/tags?post=471864"}],"curies":[{"name":"wp","href":"https:\/\/api.w.org\/{rel}","templated":true}]}}