{"id":471899,"date":"2017-04-03T20:26:10","date_gmt":"2017-04-04T01:26:10","guid":{"rendered":"https:\/\/www.futboltotal.com.mx\/?p=471899"},"modified":"2017-04-03T20:26:10","modified_gmt":"2017-04-04T01:26:10","slug":"arbitro-golpeado-jugador-que-expulso","status":"publish","type":"post","link":"http:\/\/desarrollo.grupomedios.com\/futbol\/futbol-mexicano\/arbitro-golpeado-jugador-que-expulso\/2017\/04","title":{"rendered":"\u00c1rbitro es golpeado por jugador que expuls\u00f3"},"content":{"rendered":"<p>Una vez m\u00e1s la violencia se apoder\u00f3 de los futbolistas, pues ahora un \u00e1rbitro fue golpeado por un jugador que no estuvo contento con la expulsi\u00f3n que le otorg\u00f3 el central y decidi\u00f3 golpearlo en la cabeza.<\/p>\n<p>El duelo era entre <strong>Deportivo Las Palmas y Deportivo Piedad de Moros<\/strong>. Se jugaba el minuto 15&#8242; del encuentro cuando <strong>Jos\u00e9 Luis &#8220;El Wich\u00f3n&#8221;<\/strong> fue expulsado por el \u00e1rbitro <strong>Dionicio P\u00e9rez Gonz\u00e1lez<\/strong> debido a que cometi\u00f3 una fuerte falta, esto no le pareci\u00f3 al futbolista y golpe\u00f3 al silbante para dejarlo tirado en el piso.<\/p>\n<p style=\"text-align: center;\"><span style=\"color: #3366ff;\"><a style=\"color: #3366ff;\" href=\"https:\/\/www.futboltotal.com.mx\/2017\/04\/cecilio-dominguez-baja-3-meses-america\/\" target=\"_blank\">LEER M\u00c1S: Cecilio Dom\u00ednguez es baja por 3 meses con Am\u00e9rica<\/a><\/span><\/p>\n<p>La Asociaci\u00f3n Mexicana de \u00c1rbitros se solidariz\u00f3 con el \u00e1rbitro que fue trasladado al hospital por cuerpos m\u00e9dicos y decidieron postear un mensaje en twitter.<\/p>\n<blockquote><p>&#8220;El d\u00eda de ayer el \u00e1rbitro amateur <strong>Dionicio P\u00e9rez Gonz\u00e1lez<\/strong>, fue agredido en una Liga Municipal de Oaxaca. Le deseamos pronta recuperaci\u00f3n&#8221;, se puede leer en el tuit.<\/p><\/blockquote>\n<p>&nbsp;<\/p>\n<blockquote class=\"twitter-tweet\" data-lang=\"es\">\n<p dir=\"ltr\" lang=\"es\">El d\u00eda de ayer el \u00c1rbitro Amateur Dionicio P\u00e9rez Gonz\u00e1lez, fue agredido en una Liga Municipal de Oaxaca. Le deseamos una pronta recuperaci\u00f3n<\/p>\n<p>\u2014 AMA \u00c1rbitros (@AMArbitros) <a href=\"https:\/\/twitter.com\/AMArbitros\/status\/848978010250280961\">3 de abril de 2017<\/a><\/p><\/blockquote>\n<p><script async src=\"\/\/platform.twitter.com\/widgets.js\" charset=\"utf-8\"><\/script><\/p>\n","protected":false},"excerpt":{"rendered":"<p>El central fue trasladado al hospital. <\/p>\n","protected":false},"author":20,"featured_media":471900,"comment_status":"closed","ping_status":"closed","sticky":false,"template":"","format":"standard","meta":[],"categories":[2198,3845],"tags":[2365,4192],"_links":{"self":[{"href":"http:\/\/desarrollo.grupomedios.com\/futbol\/wp-json\/wp\/v2\/posts\/471899"}],"collection":[{"href":"http:\/\/desarrollo.grupomedios.com\/futbol\/wp-json\/wp\/v2\/posts"}],"about":[{"href":"http:\/\/desarrollo.grupomedios.com\/futbol\/wp-json\/wp\/v2\/types\/post"}],"author":[{"embeddable":true,"href":"http:\/\/desarrollo.grupomedios.com\/futbol\/wp-json\/wp\/v2\/users\/20"}],"replies":[{"embeddable":true,"href":"http:\/\/desarrollo.grupomedios.com\/futbol\/wp-json\/wp\/v2\/comments?post=471899"}],"version-history":[{"count":1,"href":"http:\/\/desarrollo.grupomedios.com\/futbol\/wp-json\/wp\/v2\/posts\/471899\/revisions"}],"predecessor-version":[{"id":471901,"href":"http:\/\/desarrollo.grupomedios.com\/futbol\/wp-json\/wp\/v2\/posts\/471899\/revisions\/471901"}],"wp:featuredmedia":[{"embeddable":true,"href":"http:\/\/desarrollo.grupomedios.com\/futbol\/wp-json\/wp\/v2\/media\/471900"}],"wp:attachment":[{"href":"http:\/\/desarrollo.grupomedios.com\/futbol\/wp-json\/wp\/v2\/media?parent=471899"}],"wp:term":[{"taxonomy":"category","embeddable":true,"href":"http:\/\/desarrollo.grupomedios.com\/futbol\/wp-json\/wp\/v2\/categories?post=471899"},{"taxonomy":"post_tag","embeddable":true,"href":"http:\/\/desarrollo.grupomedios.com\/futbol\/wp-json\/wp\/v2\/tags?post=471899"}],"curies":[{"name":"wp","href":"https:\/\/api.w.org\/{rel}","templated":true}]}}