{"id":471906,"date":"2017-04-03T21:03:45","date_gmt":"2017-04-04T02:03:45","guid":{"rendered":"https:\/\/www.futboltotal.com.mx\/?p=471906"},"modified":"2017-04-03T21:03:45","modified_gmt":"2017-04-04T02:03:45","slug":"chapecoense-recibe-a-atletico-nacional-heroes","status":"publish","type":"post","link":"http:\/\/desarrollo.grupomedios.com\/futbol\/futbol-internacional\/chapecoense-recibe-a-atletico-nacional-heroes\/2017\/04","title":{"rendered":"Chapecoense recibe a Atl\u00e9tico Nacional como h\u00e9roes"},"content":{"rendered":"<p>Los jugadores del <strong>Atl\u00e9tico Nacional<\/strong> colombiano fueron recibidos hoy como h\u00e9roes por las aficionados del <strong>Chapecoense<\/strong> a su llegada al aeropuerto de Chapec\u00f3, en el sur de Brasil, donde este martes jugar\u00e1n la ida de la final de la Recopa Sudamericana ante el equipo brasile\u00f1o.<\/p>\n<p>El avi\u00f3n con la delegaci\u00f3n del actual campe\u00f3n de la Copa Libertadores aterriz\u00f3 cuando faltaban pocos minutos para las 14.00 horas (17.00 GMT) y pas\u00f3 por los chorros de agua de dos camiones de bomberos en medio de una gran expectaci\u00f3n.<\/p>\n<p>En tierra esperaban las autoridades locales y el periodista brasile\u00f1o Rafael Henzel, uno de los seis supervivientes de la tragedia a\u00e9rea ocurrida la noche del 28 de noviembre cerca de Medell\u00edn.<\/p>\n<p style=\"text-align: center;\"><a href=\"https:\/\/www.futboltotal.com.mx\/2017\/04\/cecilio-dominguez-baja-3-meses-america\/\" target=\"_blank\">LEER M\u00c1S: Cecilio Dom\u00ednguez es baja por 3 meses con Am\u00e9rica<\/a><\/p>\n<p>La tragedia acab\u00f3 con la vida de 71 personas, la mayor\u00eda jugadores de la primera plantilla del Chapecoense, as\u00ed como miembros de la comisi\u00f3n t\u00e9cnica, periodistas y directivos.<\/p>\n<p>Henzel, completamente recuperado f\u00edsicamente, reparti\u00f3 unas medallas especiales que ha elaborado la Alcald\u00eda de Chapec\u00f3 para los integrantes del <strong>Atl\u00e9tico Nacional<\/strong> y en las que se estamp\u00f3 la frase &#8220;Campeones del mundo en respeto y solidaridad&#8221;.<\/p>\n<p>En el acto estuvieron presentes el alcalde de Chapec\u00f3, Luciano Buligon y su hom\u00f3logo de Medell\u00edn, Federico Guti\u00e9rrez.<\/p>\n<p>Aficionados de ambos equipos se mezclaron con banderas y emblemas de los dos clubes, que se enfrentar\u00e1n ma\u00f1ana por la Recopa Sudamericana, un trofeo que cada a\u00f1o junta al campe\u00f3n de la Libertadores y al de la Copa Sudamericana.<\/p>\n<p>&nbsp;<\/p>\n<blockquote class=\"twitter-tweet\" data-lang=\"es\">\n<p dir=\"ltr\" lang=\"pt\">Tudo pronto para a recep\u00e7\u00e3o! Sejam bem-vindos <a href=\"https:\/\/twitter.com\/nacionaloficial\">@nacionaloficial<\/a>!<a href=\"https:\/\/twitter.com\/hashtag\/PraSempreChape?src=hash\">#PraSempreChape<\/a> <a href=\"https:\/\/t.co\/L0KHomOugl\">pic.twitter.com\/L0KHomOugl<\/a><\/p>\n<p>\u2014 Chapecoense (@ChapecoenseReal) <a href=\"https:\/\/twitter.com\/ChapecoenseReal\/status\/848938973024202752\">3 de abril de 2017<\/a><\/p><\/blockquote>\n<p><script async src=\"\/\/platform.twitter.com\/widgets.js\" charset=\"utf-8\"><\/script><\/p>\n<p>Fue el propio <strong>Atl\u00e9tico Nacional q<\/strong>ue pidi\u00f3 a la Conmebol que cediese el t\u00edtulo de la Copa Sudamericana 2016 al <strong>Chapecoense<\/strong>, algo que finalmente se oficializ\u00f3 en diciembre pasado.<\/p>\n<p>Los dos equipos iban a jugar esa final que nunca lleg\u00f3 a disputarse por el accidente y que oblig\u00f3 al modesto club brasile\u00f1o a iniciar una reestructuraci\u00f3n expr\u00e9s para seguir adelante.<\/p>\n<p>&nbsp;<\/p>\n","protected":false},"excerpt":{"rendered":"<p>Ambos equipos muestran su hermandad luego de la tragedia de noviembre. <\/p>\n","protected":false},"author":144,"featured_media":471907,"comment_status":"closed","ping_status":"closed","sticky":false,"template":"","format":"standard","meta":[],"categories":[3839],"tags":[2075,7668],"_links":{"self":[{"href":"http:\/\/desarrollo.grupomedios.com\/futbol\/wp-json\/wp\/v2\/posts\/471906"}],"collection":[{"href":"http:\/\/desarrollo.grupomedios.com\/futbol\/wp-json\/wp\/v2\/posts"}],"about":[{"href":"http:\/\/desarrollo.grupomedios.com\/futbol\/wp-json\/wp\/v2\/types\/post"}],"author":[{"embeddable":true,"href":"http:\/\/desarrollo.grupomedios.com\/futbol\/wp-json\/wp\/v2\/users\/144"}],"replies":[{"embeddable":true,"href":"http:\/\/desarrollo.grupomedios.com\/futbol\/wp-json\/wp\/v2\/comments?post=471906"}],"version-history":[{"count":2,"href":"http:\/\/desarrollo.grupomedios.com\/futbol\/wp-json\/wp\/v2\/posts\/471906\/revisions"}],"predecessor-version":[{"id":471909,"href":"http:\/\/desarrollo.grupomedios.com\/futbol\/wp-json\/wp\/v2\/posts\/471906\/revisions\/471909"}],"wp:featuredmedia":[{"embeddable":true,"href":"http:\/\/desarrollo.grupomedios.com\/futbol\/wp-json\/wp\/v2\/media\/471907"}],"wp:attachment":[{"href":"http:\/\/desarrollo.grupomedios.com\/futbol\/wp-json\/wp\/v2\/media?parent=471906"}],"wp:term":[{"taxonomy":"category","embeddable":true,"href":"http:\/\/desarrollo.grupomedios.com\/futbol\/wp-json\/wp\/v2\/categories?post=471906"},{"taxonomy":"post_tag","embeddable":true,"href":"http:\/\/desarrollo.grupomedios.com\/futbol\/wp-json\/wp\/v2\/tags?post=471906"}],"curies":[{"name":"wp","href":"https:\/\/api.w.org\/{rel}","templated":true}]}}