{"id":471928,"date":"2017-04-04T10:02:13","date_gmt":"2017-04-04T15:02:13","guid":{"rendered":"https:\/\/www.futboltotal.com.mx\/?p=471928"},"modified":"2017-04-04T10:03:06","modified_gmt":"2017-04-04T15:03:06","slug":"pablo-barrera-finalmente-si-hara-responsable-hijo","status":"publish","type":"post","link":"http:\/\/desarrollo.grupomedios.com\/futbol\/futbol-mexicano\/pablo-barrera-finalmente-si-hara-responsable-hijo\/2017\/04","title":{"rendered":"Pablo Barrera finalmente s\u00ed se har\u00e1 responsable de su hijo"},"content":{"rendered":"<p>La posible paternidad de <strong>Pablo Barrera<\/strong> ha vuelto a ser tema de los medios de espect\u00e1culos y deportivos, luego de que el jugador de los <strong>Pumas<\/strong> fuera descubierto al acudir al\u00a0juzgado de lo familiar en\u00a0Tlalnepantla de Baz, en el Estado de M\u00e9xico, debido a una <a href=\"https:\/\/www.futboltotal.com.mx\/2017\/01\/pablo-barrera-demandado-estupro-paternidad\/\">demanda de paternidad en su contra<\/a> impuesta por su ex novia <strong>Sandra Carranza<\/strong>.<\/p>\n<p>Seg\u00fan inform\u00f3 la publicaci\u00f3n TV Notas, un amigo del futbolista, de quien no se revel\u00f3 su nombre, asegur\u00f3 que <em>Pablito<\/em> ha accedido a ver y apoyar econ\u00f3micamente al ni\u00f1o, quien\u00a0tiene cerca de 10 a\u00f1os cumplidos.<\/p>\n<p>\u201cA \u00e9l no le qued\u00f3 de otra, se\u00a0tuvo que presentar en el juzgado\u00a0de lo familiar, en Tlalnepantla,\u00a0Estado de M\u00e9xico, para responder\u00a0a la demanda de su ex,\u00a0Sandra (Carranza)&#8221;, dijo la fuente.<\/p>\n<p style=\"text-align: center;\"><a href=\"https:\/\/www.futboltotal.com.mx\/2016\/12\/circula-foto-pablo-barrera-desnudo\/\">VER M\u00c1S: Circula en redes foto de Pablo Barrera desnudo<\/a><\/p>\n<p>\u201cEsta vez (la reuni\u00f3n en el juzgado) fue para que\u00a0ambas partes intentaran llegar\u00a0a un acuerdo. De hecho, Pablo le pidi\u00f3 al juez que le diera unos\u00a0minutos para platicar con ella,\u00a0y estuvieron conversando alrededor\u00a0de 15. Pablo le va a dar lo\u00a0que le corresponde, porque dice\u00a0que esto le est\u00e1 afectando. Esa fue la condici\u00f3n que puso para\u00a0reconocerlo\u201d,\u00a0agreg\u00f3 el amigo de Barrera.<\/p>\n<p>Esta fuente agreg\u00f3 que a\u00fan con el acuerdo al que llegaron ambas partes, esto no frena el proceso ya iniciado y Barrera a\u00fan debe someterse a una prueba de ADN para corroborar la paternidad.<\/p>\n<p>\u201cPablo se tiene que\u00a0hacer la prueba de ADN. En\u00a015 d\u00edas ya deber\u00edamos tener\u00a0alguna respuesta\u201d, concluy\u00f3 la fuente.<\/p>\n<p class=\"p1\"><span class=\"s1\"><b>S\u00edguenos en Twitter<\/b>:\u00a0<a href=\"https:\/\/twitter.com\/MXFutbolTotal\"><span class=\"s2\">@MXFutbolTotal<\/span><\/a><\/span><\/p>\n","protected":false},"excerpt":{"rendered":"<p>Barrera acudi\u00f3 al juzgado para buscar llegar a un acuerdo con su ex novia.<\/p>\n","protected":false},"author":20,"featured_media":471931,"comment_status":"closed","ping_status":"closed","sticky":false,"template":"","format":"standard","meta":[],"categories":[5419,2198,3845],"tags":[8429,8430,64,82,74,5976],"_links":{"self":[{"href":"http:\/\/desarrollo.grupomedios.com\/futbol\/wp-json\/wp\/v2\/posts\/471928"}],"collection":[{"href":"http:\/\/desarrollo.grupomedios.com\/futbol\/wp-json\/wp\/v2\/posts"}],"about":[{"href":"http:\/\/desarrollo.grupomedios.com\/futbol\/wp-json\/wp\/v2\/types\/post"}],"author":[{"embeddable":true,"href":"http:\/\/desarrollo.grupomedios.com\/futbol\/wp-json\/wp\/v2\/users\/20"}],"replies":[{"embeddable":true,"href":"http:\/\/desarrollo.grupomedios.com\/futbol\/wp-json\/wp\/v2\/comments?post=471928"}],"version-history":[{"count":2,"href":"http:\/\/desarrollo.grupomedios.com\/futbol\/wp-json\/wp\/v2\/posts\/471928\/revisions"}],"predecessor-version":[{"id":471935,"href":"http:\/\/desarrollo.grupomedios.com\/futbol\/wp-json\/wp\/v2\/posts\/471928\/revisions\/471935"}],"wp:featuredmedia":[{"embeddable":true,"href":"http:\/\/desarrollo.grupomedios.com\/futbol\/wp-json\/wp\/v2\/media\/471931"}],"wp:attachment":[{"href":"http:\/\/desarrollo.grupomedios.com\/futbol\/wp-json\/wp\/v2\/media?parent=471928"}],"wp:term":[{"taxonomy":"category","embeddable":true,"href":"http:\/\/desarrollo.grupomedios.com\/futbol\/wp-json\/wp\/v2\/categories?post=471928"},{"taxonomy":"post_tag","embeddable":true,"href":"http:\/\/desarrollo.grupomedios.com\/futbol\/wp-json\/wp\/v2\/tags?post=471928"}],"curies":[{"name":"wp","href":"https:\/\/api.w.org\/{rel}","templated":true}]}}