{"id":471930,"date":"2017-04-04T09:58:58","date_gmt":"2017-04-04T14:58:58","guid":{"rendered":"https:\/\/www.futboltotal.com.mx\/?p=471930"},"modified":"2017-04-04T09:58:58","modified_gmt":"2017-04-04T14:58:58","slug":"napoli-juega-barcelona-allegri","status":"publish","type":"post","link":"http:\/\/desarrollo.grupomedios.com\/futbol\/futbol-internacional\/napoli-juega-barcelona-allegri\/2017\/04","title":{"rendered":"Napoli juega como el Barcelona: Allegri"},"content":{"rendered":"<p>El t\u00e9cnico del Juventus, Massimiliano Allegri, dijo este martes que el duelo contra el Napoli\u00a0en la semifinal de la Copa Italia ser\u00e1 un test para preparar el choque europeo contra el Barcelona, ya que ambos equipos juegan &#8220;de forma parecida&#8221;.<\/p>\n<p>Allegri subray\u00f3 que el N\u00e1poles y el Barcelona, rival del Juventus en los cuartos de final de la Champions League, tienen unos mecanismos ofensivos parecidos, en la rueda de prensa previa a la semifinal de vuelta de la Copa Italia de ma\u00f1ana contra los napolitanos.<\/p>\n<p>&#8220;El N\u00e1poles es un equipo dif\u00edcil al que enfrentarse, pero para nosotros es una buena cosa medirnos con ellos. El N\u00e1poles juega de forma parecida al Barcelona&#8221;, asegur\u00f3 Allegri.<\/p>\n<p style=\"text-align: center;\"><span style=\"color: #3366ff;\"><a style=\"color: #3366ff;\" href=\"https:\/\/www.futboltotal.com.mx\/2017\/04\/zlatan-jugaria-giovani-dos-santos-en-galaxy\/\">LEER M\u00c1S: Zlatan jugar\u00eda con Giovani dos Santos en el Galaxy<\/a><\/span><\/p>\n<p>El entrenador del Juventus, que ya jug\u00f3 contra el club napolitano en la \u00faltima jornada de la Serie A italiana (Primera Divisi\u00f3n), se\u00f1al\u00f3 que su equipo &#8220;empez\u00f3 el pasado domingo un proceso&#8221; que le preparar\u00e1 para enfrentarse con el Barcelona.<\/p>\n<p><iframe loading=\"lazy\" src=\"https:\/\/www.youtube.com\/embed\/zoP16dg0BT8?feature=oembed\" frameborder=\"0\" allowfullscreen><\/iframe><\/p>\n<p>El t\u00e9cnico italiano subi\u00f3 el tono de sus declaraciones cuando fue preguntado si le preocupaba una eventual eliminaci\u00f3n de la Copa de Italia en el choque de ma\u00f1ana, en el que su club sale con una ventaja de 3-1 lograda en la ida.<\/p>\n<p>&#8220;Detesto el negativismo. Nos estamos jugando la final de la Copa Italia, la semifinal de la Champions League y lideramos el campeonato. En los \u00faltimos tres a\u00f1os hemos ganado dos Copas nacionales, dos t\u00edtulos ligueros y hemos jugado una final europea&#8221;, dijo de forma tajante.<\/p>\n<p>&#8220;M\u00e1s que esto no se puede hacer, guste o no. El Juventus en este momento es un equipo que la gente respeta y esto es lo m\u00e1s importante&#8221;, agreg\u00f3.<\/p>\n<p>El Juventus est\u00e1 preparando una semana decisiva para sus ambiciones en esta temporada, que culminar\u00e1 el pr\u00f3ximo martes con el ya citado duelo de ida de los cuartos de final de la Liga de Campeones contra el Barcelona. EFE<\/p>\n","protected":false},"excerpt":{"rendered":"<p>El t\u00e9cnico prepar\u00f3 el partido ante ambos clubes.<\/p>\n","protected":false},"author":144,"featured_media":432621,"comment_status":"closed","ping_status":"closed","sticky":false,"template":"","format":"standard","meta":[],"categories":[3839],"tags":[5984,5999,160],"_links":{"self":[{"href":"http:\/\/desarrollo.grupomedios.com\/futbol\/wp-json\/wp\/v2\/posts\/471930"}],"collection":[{"href":"http:\/\/desarrollo.grupomedios.com\/futbol\/wp-json\/wp\/v2\/posts"}],"about":[{"href":"http:\/\/desarrollo.grupomedios.com\/futbol\/wp-json\/wp\/v2\/types\/post"}],"author":[{"embeddable":true,"href":"http:\/\/desarrollo.grupomedios.com\/futbol\/wp-json\/wp\/v2\/users\/144"}],"replies":[{"embeddable":true,"href":"http:\/\/desarrollo.grupomedios.com\/futbol\/wp-json\/wp\/v2\/comments?post=471930"}],"version-history":[{"count":1,"href":"http:\/\/desarrollo.grupomedios.com\/futbol\/wp-json\/wp\/v2\/posts\/471930\/revisions"}],"predecessor-version":[{"id":471932,"href":"http:\/\/desarrollo.grupomedios.com\/futbol\/wp-json\/wp\/v2\/posts\/471930\/revisions\/471932"}],"wp:featuredmedia":[{"embeddable":true,"href":"http:\/\/desarrollo.grupomedios.com\/futbol\/wp-json\/wp\/v2\/media\/432621"}],"wp:attachment":[{"href":"http:\/\/desarrollo.grupomedios.com\/futbol\/wp-json\/wp\/v2\/media?parent=471930"}],"wp:term":[{"taxonomy":"category","embeddable":true,"href":"http:\/\/desarrollo.grupomedios.com\/futbol\/wp-json\/wp\/v2\/categories?post=471930"},{"taxonomy":"post_tag","embeddable":true,"href":"http:\/\/desarrollo.grupomedios.com\/futbol\/wp-json\/wp\/v2\/tags?post=471930"}],"curies":[{"name":"wp","href":"https:\/\/api.w.org\/{rel}","templated":true}]}}