{"id":471950,"date":"2017-04-04T10:37:14","date_gmt":"2017-04-04T15:37:14","guid":{"rendered":"https:\/\/www.futboltotal.com.mx\/?p=471950"},"modified":"2017-04-04T10:39:46","modified_gmt":"2017-04-04T15:39:46","slug":"luis-enrique-revela-porque-se-va-del-barcelona","status":"publish","type":"post","link":"http:\/\/desarrollo.grupomedios.com\/futbol\/futbol-internacional\/luis-enrique-revela-porque-se-va-del-barcelona\/2017\/04","title":{"rendered":"Luis Enrique revela porqu\u00e9 se va del Barcelona"},"content":{"rendered":"<p>El t\u00e9cnico azulgrana, <strong>Luis Enrique Mart\u00ednez<\/strong>, que hace unas semanas anunci\u00f3 que no renovar\u00eda su contrato con el Barcelona, confirm\u00f3 este martes que se tomar\u00e1 un a\u00f1o sab\u00e1tico ya que, seg\u00fan ha dicho, necesita &#8220;descansar&#8221; despu\u00e9s de tres temporadas en el banquillo azulgrana.<\/p>\n<blockquote><p>&#8220;Si dejo el Barcelona, donde tengo una relaci\u00f3n incre\u00edble con el club y los jugadores, no es por irme a otro equipo. Es porque tengo la necesidad de recuperarme, no para ir a otro equipo. \u00bfD\u00f3nde voy a estar mejor que aqu\u00ed?&#8221;, ha puntualizado Luis Enrique en rueda de prensa al ser preguntado por si se tomar\u00eda un a\u00f1o sab\u00e1tico.<\/p>\n<p style=\"text-align: center;\"><span style=\"color: #3366ff;\">VER M\u00c1S: Todas las noticias de futbol internacional<\/span><\/p>\n<\/blockquote>\n<p>Esta pregunta se ha producido poco despu\u00e9s de que dejara entrever que descansar\u00eda tras la etapa en el Barcelona, cuando se le ha cuestionado si se ve\u00eda trabajando junto al director deportivo del Sevilla, Ram\u00f3n Rodr\u00edguez &#8216;Monchi&#8217;.<\/p>\n<blockquote><p>&#8220;No veo a Monchi en la Escalerona, en la Playa de San Lorenzo, que es mi plan de este verano. Y creo que Monchi trabajar\u00e1 este verano. Y si no lo hace le invitaremos a un cul\u00edn de sidra&#8221;, ha dicho entre risas Luis Enrique.<\/p><\/blockquote>\n<p>Menos rotundo se ha mostrado cuando se ha referido sobre si ve a su actual asistente, Juan Carlos Unzu\u00e9, ocupando su puesto en el banquillo azulgrana a partir del 30 de junio.<\/p>\n<blockquote><p>&#8220;La \u00fanica manera de no interferir en este tema es no opinando. Cuando se produzca lo que se tenga que producir, ya opinar\u00e9 si estoy aqu\u00ed&#8221;, ha se\u00f1alado.<\/p><\/blockquote>\n<p>Y a\u00f1adi\u00f3, tambi\u00e9n entre risas, cuestionado por si Unzu\u00e9 le acompa\u00f1ar\u00e1 el a\u00f1o que viene con la bicicleta: &#8220;Ya veremos&#8230;Siempre se queda atr\u00e1s, no es ning\u00fan problema&#8221;.<\/p>\n<blockquote><p><b>S\u00edguenos en Twitter<\/b>:\u00a0<a href=\"https:\/\/twitter.com\/MXFutbolTotal\"><span class=\"s2\">@MXFutbolTotal<\/span><\/a><\/p><\/blockquote>\n","protected":false},"excerpt":{"rendered":"<p>El DT del Barcelona confirm\u00f3 que tomar\u00e1 un a\u00f1o sab\u00e1tico tras dejar a los Cul\u00e9s.<\/p>\n","protected":false},"author":20,"featured_media":471956,"comment_status":"closed","ping_status":"closed","sticky":false,"template":"","format":"standard","meta":[],"categories":[3839,3844],"tags":[5984,4051],"_links":{"self":[{"href":"http:\/\/desarrollo.grupomedios.com\/futbol\/wp-json\/wp\/v2\/posts\/471950"}],"collection":[{"href":"http:\/\/desarrollo.grupomedios.com\/futbol\/wp-json\/wp\/v2\/posts"}],"about":[{"href":"http:\/\/desarrollo.grupomedios.com\/futbol\/wp-json\/wp\/v2\/types\/post"}],"author":[{"embeddable":true,"href":"http:\/\/desarrollo.grupomedios.com\/futbol\/wp-json\/wp\/v2\/users\/20"}],"replies":[{"embeddable":true,"href":"http:\/\/desarrollo.grupomedios.com\/futbol\/wp-json\/wp\/v2\/comments?post=471950"}],"version-history":[{"count":2,"href":"http:\/\/desarrollo.grupomedios.com\/futbol\/wp-json\/wp\/v2\/posts\/471950\/revisions"}],"predecessor-version":[{"id":471958,"href":"http:\/\/desarrollo.grupomedios.com\/futbol\/wp-json\/wp\/v2\/posts\/471950\/revisions\/471958"}],"wp:featuredmedia":[{"embeddable":true,"href":"http:\/\/desarrollo.grupomedios.com\/futbol\/wp-json\/wp\/v2\/media\/471956"}],"wp:attachment":[{"href":"http:\/\/desarrollo.grupomedios.com\/futbol\/wp-json\/wp\/v2\/media?parent=471950"}],"wp:term":[{"taxonomy":"category","embeddable":true,"href":"http:\/\/desarrollo.grupomedios.com\/futbol\/wp-json\/wp\/v2\/categories?post=471950"},{"taxonomy":"post_tag","embeddable":true,"href":"http:\/\/desarrollo.grupomedios.com\/futbol\/wp-json\/wp\/v2\/tags?post=471950"}],"curies":[{"name":"wp","href":"https:\/\/api.w.org\/{rel}","templated":true}]}}