{"id":471968,"date":"2017-04-04T11:44:16","date_gmt":"2017-04-04T16:44:16","guid":{"rendered":"https:\/\/www.futboltotal.com.mx\/?p=471968"},"modified":"2017-04-04T11:44:16","modified_gmt":"2017-04-04T16:44:16","slug":"real-madrid-cerca-de-firmar-a-un-jugador-del-atleti-theo-hernandez","status":"publish","type":"post","link":"http:\/\/desarrollo.grupomedios.com\/futbol\/futbol-internacional\/real-madrid-cerca-de-firmar-a-un-jugador-del-atleti-theo-hernandez\/2017\/04","title":{"rendered":"Real Madrid cerca de firmar a un jugador del Atleti"},"content":{"rendered":"<p>A unos meses de que termine la Liga de Espa\u00f1a y aun sin decidir al Campe\u00f3n, el Real Madrid ya tendr\u00eda amarrado a un nuevo fichaje, pues el lateral izquierdo Theo Hern\u00e1ndez, que pertenece al Atl\u00e9tico de Madrid y juega para el Alav\u00e9s, habr\u00eda acordado su traspaso al conjunto Merengue.<\/p>\n<p>Seg\u00fan informa el diario espa\u00f1ol Marca, Hern\u00e1ndez los Blancos han pagado los 24 millones de su cl\u00e1usula de rescisi\u00f3n y buscan incorporarle a partir del verano durante las pr\u00f3ximas seis temporadas.<\/p>\n<p style=\"text-align: center;\"><span style=\"color: #3366ff;\"><a style=\"color: #3366ff;\" href=\"https:\/\/www.futboltotal.com.mx\/2017\/04\/confirman-partido-amanado-del-eldense-vs-barcelona-b\/\">LEER M\u00c1S: Confirman partido ama\u00f1ado del Eldense vs Barcelona B<\/a><\/span><\/p>\n<p>A pesar de que actualmente juega para el Alav\u00e9s, en el Atl\u00e9tico consideran al franc\u00e9s de 19 a\u00f1os como el sucesor natural del brasile\u00f1o Filipe Luis, motivo por el que buscar\u00edan convencerlo de no firmar con el Real Madrid.<\/p>\n<p>El propio agente del jugador, Manuel Garc\u00eda Quil\u00f3n, fue quien comunic\u00f3 a los Colchoneros que iban a pagar la cl\u00e1usula de su representado y que el deseo del futbolista es irse al Madrid.<\/p>\n<p><iframe loading=\"lazy\" src=\"https:\/\/www.youtube.com\/embed\/CDvFPMCf46I?feature=oembed\" frameborder=\"0\" allowfullscreen><\/iframe><\/p>\n","protected":false},"excerpt":{"rendered":"<p>Los Merengues ya tendr\u00edan su primer refuerzo de la pr\u00f3xima temporada.<\/p>\n","protected":false},"author":20,"featured_media":471969,"comment_status":"closed","ping_status":"closed","sticky":false,"template":"","format":"standard","meta":[],"categories":[3839,3844],"tags":[6007,640,1913,5988],"_links":{"self":[{"href":"http:\/\/desarrollo.grupomedios.com\/futbol\/wp-json\/wp\/v2\/posts\/471968"}],"collection":[{"href":"http:\/\/desarrollo.grupomedios.com\/futbol\/wp-json\/wp\/v2\/posts"}],"about":[{"href":"http:\/\/desarrollo.grupomedios.com\/futbol\/wp-json\/wp\/v2\/types\/post"}],"author":[{"embeddable":true,"href":"http:\/\/desarrollo.grupomedios.com\/futbol\/wp-json\/wp\/v2\/users\/20"}],"replies":[{"embeddable":true,"href":"http:\/\/desarrollo.grupomedios.com\/futbol\/wp-json\/wp\/v2\/comments?post=471968"}],"version-history":[{"count":1,"href":"http:\/\/desarrollo.grupomedios.com\/futbol\/wp-json\/wp\/v2\/posts\/471968\/revisions"}],"predecessor-version":[{"id":471970,"href":"http:\/\/desarrollo.grupomedios.com\/futbol\/wp-json\/wp\/v2\/posts\/471968\/revisions\/471970"}],"wp:featuredmedia":[{"embeddable":true,"href":"http:\/\/desarrollo.grupomedios.com\/futbol\/wp-json\/wp\/v2\/media\/471969"}],"wp:attachment":[{"href":"http:\/\/desarrollo.grupomedios.com\/futbol\/wp-json\/wp\/v2\/media?parent=471968"}],"wp:term":[{"taxonomy":"category","embeddable":true,"href":"http:\/\/desarrollo.grupomedios.com\/futbol\/wp-json\/wp\/v2\/categories?post=471968"},{"taxonomy":"post_tag","embeddable":true,"href":"http:\/\/desarrollo.grupomedios.com\/futbol\/wp-json\/wp\/v2\/tags?post=471968"}],"curies":[{"name":"wp","href":"https:\/\/api.w.org\/{rel}","templated":true}]}}